{"id":6769,"date":"2023-12-15T20:05:01","date_gmt":"2023-12-15T19:05:01","guid":{"rendered":"https:\/\/agora.xtec.cat\/escolagaudisabadell\/?p=6769"},"modified":"2023-12-15T20:10:43","modified_gmt":"2023-12-15T19:10:43","slug":"ei-ci-trobada-literaria-24-11-23","status":"publish","type":"post","link":"https:\/\/agora.xtec.cat\/escolagaudisabadell\/general\/ei-ci-trobada-literaria-24-11-23\/","title":{"rendered":"EI-CI Trobada Liter\u00e0ria 24 11 23"},"content":{"rendered":"<p>El passat divendres 24 de novembre, l&#8217;alumnat d&#8217;educaci\u00f3 infantil i cicle inicial vam fer la segona Trobada Liter\u00e0ria d&#8217;aquest curs. En aquesta ocasi\u00f3 vam recitar els rodolins treballats a classe. I els nens i nenes de segon ens van regalar tamb\u00e9 una can\u00e7\u00f3 del cos hum\u00e0!<\/p>\n<p><a href=\"https:\/\/photos.app.goo.gl\/pi5CLtgGtrg5tbFy5\"><img loading=\"lazy\" decoding=\"async\" class=\"attachment-266x266 aligncenter\" src=\"https:\/\/agora.xtec.cat\/escolagaudisabadell\/wp-content\/uploads\/usu1563\/2023\/11\/IMG_20231124_155412-scaled.jpg\" alt=\"\" width=\"266\" height=\"120\" \/><\/a><\/p>\n","protected":false},"excerpt":{"rendered":"<p>El passat divendres 24 de novembre, l&#8217;alumnat d&#8217;educaci\u00f3 infantil i cicle inicial vam fer la segona Trobada Liter\u00e0ria d&#8217;aquest curs. En aquesta ocasi\u00f3 vam recitar els rodolins treballats a classe. I els nens i nenes de segon ens van regalar tamb\u00e9 una can\u00e7\u00f3 del cos&hellip;  <a href=\"https:\/\/agora.xtec.cat\/escolagaudisabadell\/general\/ei-ci-trobada-literaria-24-11-23\/\" title=\"Read EI-CI Trobada Liter\u00e0ria 24 11 23\">Llegeix m\u00e9s\u00bb<\/a><\/p>\n","protected":false},"author":3,"featured_media":0,"comment_status":"closed","ping_status":"closed","sticky":false,"template":"","format":"standard","meta":{"_bbp_topic_count":0,"_bbp_reply_count":0,"_bbp_total_topic_count":0,"_bbp_total_reply_count":0,"_bbp_voice_count":0,"_bbp_anonymous_reply_count":0,"_bbp_topic_count_hidden":0,"_bbp_reply_count_hidden":0,"_bbp_forum_subforum_count":0,"footnotes":""},"categories":[10,11,71,1,2,4],"tags":[],"class_list":["post-6769","post","type-post","status-publish","format-standard","hentry","category-1r","category-2n","category-fotosdescola","category-general","category-infantil","category-portada"],"post_mailing_queue_ids":[],"_links":{"self":[{"href":"https:\/\/agora.xtec.cat\/escolagaudisabadell\/wp-json\/wp\/v2\/posts\/6769","targetHints":{"allow":["GET"]}}],"collection":[{"href":"https:\/\/agora.xtec.cat\/escolagaudisabadell\/wp-json\/wp\/v2\/posts"}],"about":[{"href":"https:\/\/agora.xtec.cat\/escolagaudisabadell\/wp-json\/wp\/v2\/types\/post"}],"author":[{"embeddable":true,"href":"https:\/\/agora.xtec.cat\/escolagaudisabadell\/wp-json\/wp\/v2\/users\/3"}],"replies":[{"embeddable":true,"href":"https:\/\/agora.xtec.cat\/escolagaudisabadell\/wp-json\/wp\/v2\/comments?post=6769"}],"version-history":[{"count":3,"href":"https:\/\/agora.xtec.cat\/escolagaudisabadell\/wp-json\/wp\/v2\/posts\/6769\/revisions"}],"predecessor-version":[{"id":6820,"href":"https:\/\/agora.xtec.cat\/escolagaudisabadell\/wp-json\/wp\/v2\/posts\/6769\/revisions\/6820"}],"wp:attachment":[{"href":"https:\/\/agora.xtec.cat\/escolagaudisabadell\/wp-json\/wp\/v2\/media?parent=6769"}],"wp:term":[{"taxonomy":"category","embeddable":true,"href":"https:\/\/agora.xtec.cat\/escolagaudisabadell\/wp-json\/wp\/v2\/categories?post=6769"},{"taxonomy":"post_tag","embeddable":true,"href":"https:\/\/agora.xtec.cat\/escolagaudisabadell\/wp-json\/wp\/v2\/tags?post=6769"}],"curies":[{"name":"wp","href":"https:\/\/api.w.org\/{rel}","templated":true}]}}