{"id":6626,"date":"2023-10-02T21:34:12","date_gmt":"2023-10-02T19:34:12","guid":{"rendered":"https:\/\/agora.xtec.cat\/escolagaudisabadell\/?p=6626"},"modified":"2023-12-15T14:11:55","modified_gmt":"2023-12-15T13:11:55","slug":"i3-fa-psicomotricitat","status":"publish","type":"post","link":"https:\/\/agora.xtec.cat\/escolagaudisabadell\/infantil\/i3-fa-psicomotricitat\/","title":{"rendered":"I3 Fa psicomotricitat"},"content":{"rendered":"<p>Hola fam\u00edlies,<\/p>\n<p>El passat divendres els m\u00e9s menuts de l&#8217;escola vam anar a con\u00e8ixer la sala d&#8217;actes. All\u00e0 farem les sessions de psicomotricitat. Per ser la primera vegada s&#8217;ho van passar s\u00faper b\u00e9!!<\/p>\n<p>Si us plau, els divendres recomano que l&#8217;alumnat porti roba i cal\u00e7at adequat per fer les sessions. Gr\u00e0cies!<\/p>\n<p>Cliqueu a la foto per veure&#8217;ls!<\/p>\n<p style=\"text-align: center;\"><a href=\"https:\/\/photos.app.goo.gl\/q2YobwGy1WfS8Vga7\" target=\"_blank\" rel=\"noopener\"><img loading=\"lazy\" decoding=\"async\" class=\"alignnone size-full wp-image-6813\" src=\"https:\/\/agora.xtec.cat\/escolagaudisabadell\/wp-content\/uploads\/usu1563\/2023\/10\/Portada-2.jpg\" alt=\"\" width=\"343\" height=\"273\" srcset=\"https:\/\/agora.xtec.cat\/escolagaudisabadell\/wp-content\/uploads\/usu1563\/2023\/10\/Portada-2.jpg 343w, https:\/\/agora.xtec.cat\/escolagaudisabadell\/wp-content\/uploads\/usu1563\/2023\/10\/Portada-2-300x239.jpg 300w\" sizes=\"auto, (max-width: 343px) 100vw, 343px\" \/><\/a><\/p>\n<p>&nbsp;<\/p>\n<p>&nbsp;<\/p>\n","protected":false},"excerpt":{"rendered":"<p>Hola fam\u00edlies,<br \/>\nEl passat divendres els m\u00e9s menuts de l&#8217;escola vam anar a con\u00e8ixer la sala d&#8217;actes. All\u00e0 farem les sessions de psicomotricitat. Per ser la primera vegada s&#8217;ho van passar s\u00faper b\u00e9!!<br \/>\nSi us plau, els divendres recomano que l&#8217;alumnat porti roba i cal\u00e7at adequat per&hellip;  <a href=\"https:\/\/agora.xtec.cat\/escolagaudisabadell\/infantil\/i3-fa-psicomotricitat\/\" title=\"Read I3 Fa psicomotricitat\">Llegeix m\u00e9s\u00bb<\/a><\/p>\n","protected":false},"author":1,"featured_media":6813,"comment_status":"open","ping_status":"closed","sticky":false,"template":"","format":"standard","meta":{"_bbp_topic_count":0,"_bbp_reply_count":0,"_bbp_total_topic_count":0,"_bbp_total_reply_count":0,"_bbp_voice_count":0,"_bbp_anonymous_reply_count":0,"_bbp_topic_count_hidden":0,"_bbp_reply_count_hidden":0,"_bbp_forum_subforum_count":0,"footnotes":""},"categories":[71,2,3,4],"tags":[],"class_list":["post-6626","post","type-post","status-publish","format-standard","has-post-thumbnail","hentry","category-fotosdescola","category-infantil","category-p3","category-portada"],"post_mailing_queue_ids":[],"_links":{"self":[{"href":"https:\/\/agora.xtec.cat\/escolagaudisabadell\/wp-json\/wp\/v2\/posts\/6626","targetHints":{"allow":["GET"]}}],"collection":[{"href":"https:\/\/agora.xtec.cat\/escolagaudisabadell\/wp-json\/wp\/v2\/posts"}],"about":[{"href":"https:\/\/agora.xtec.cat\/escolagaudisabadell\/wp-json\/wp\/v2\/types\/post"}],"author":[{"embeddable":true,"href":"https:\/\/agora.xtec.cat\/escolagaudisabadell\/wp-json\/wp\/v2\/users\/1"}],"replies":[{"embeddable":true,"href":"https:\/\/agora.xtec.cat\/escolagaudisabadell\/wp-json\/wp\/v2\/comments?post=6626"}],"version-history":[{"count":6,"href":"https:\/\/agora.xtec.cat\/escolagaudisabadell\/wp-json\/wp\/v2\/posts\/6626\/revisions"}],"predecessor-version":[{"id":6815,"href":"https:\/\/agora.xtec.cat\/escolagaudisabadell\/wp-json\/wp\/v2\/posts\/6626\/revisions\/6815"}],"wp:featuredmedia":[{"embeddable":true,"href":"https:\/\/agora.xtec.cat\/escolagaudisabadell\/wp-json\/wp\/v2\/media\/6813"}],"wp:attachment":[{"href":"https:\/\/agora.xtec.cat\/escolagaudisabadell\/wp-json\/wp\/v2\/media?parent=6626"}],"wp:term":[{"taxonomy":"category","embeddable":true,"href":"https:\/\/agora.xtec.cat\/escolagaudisabadell\/wp-json\/wp\/v2\/categories?post=6626"},{"taxonomy":"post_tag","embeddable":true,"href":"https:\/\/agora.xtec.cat\/escolagaudisabadell\/wp-json\/wp\/v2\/tags?post=6626"}],"curies":[{"name":"wp","href":"https:\/\/api.w.org\/{rel}","templated":true}]}}