{"id":6481,"date":"2023-06-11T19:29:35","date_gmt":"2023-06-11T17:29:35","guid":{"rendered":"https:\/\/agora.xtec.cat\/escolagaudisabadell\/?p=6481"},"modified":"2023-06-11T19:29:35","modified_gmt":"2023-06-11T17:29:35","slug":"ci-projecte-de-les-aus-maig-23","status":"publish","type":"post","link":"https:\/\/agora.xtec.cat\/escolagaudisabadell\/general\/ci-projecte-de-les-aus-maig-23\/","title":{"rendered":"CI Projecte de Les aus maig 23"},"content":{"rendered":"<p>La classe de les \u00c0ligues i la classe dels Mussols hem treballat junts en el projecte &#8220;Les aus&#8221;. Ha estat una feina llarga i a vegades dif\u00edcil per\u00f2 hem treballat de forma cooperativa per poder trobar la resposta a totes les preguntes que ten\u00edem a l&#8217;inici i algunes que ens hem plantejat amb la recerca que hem fet. Hem preparat una exposici\u00f3 per a la resta de companys i aix\u00ed compartir la informaci\u00f3. Tamb\u00e9 hem fet treballs de pl\u00e0stica relacionats amb el tema i l&#8217;excursi\u00f3 al Cim de les \u00e0ligues.<\/p>\n<p class=\"hide-if-no-js\" style=\"text-align: center\"><a id=\"set-post-thumbnail\" class=\"thickbox\" href=\"https:\/\/photos.app.goo.gl\/3aYHaeLppfc7byRu5\" aria-describedby=\"set-post-thumbnail-desc\"><img loading=\"lazy\" decoding=\"async\" class=\"attachment-266x266 alignnone\" src=\"https:\/\/agora.xtec.cat\/escolagaudisabadell\/wp-content\/uploads\/usu1563\/2023\/06\/IMG_20230502_155526-300x300.jpg\" alt=\"\" width=\"266\" height=\"266\" \/><\/a><\/p>\n","protected":false},"excerpt":{"rendered":"<p>La classe de les \u00c0ligues i la classe dels Mussols hem treballat junts en el projecte &#8220;Les aus&#8221;. Ha estat una feina llarga i a vegades dif\u00edcil per\u00f2 hem treballat de forma cooperativa per poder trobar la resposta a totes les preguntes que ten\u00edem a&hellip;  <a href=\"https:\/\/agora.xtec.cat\/escolagaudisabadell\/general\/ci-projecte-de-les-aus-maig-23\/\" title=\"Read CI Projecte de Les aus maig 23\">Llegeix m\u00e9s\u00bb<\/a><\/p>\n","protected":false},"author":3,"featured_media":6482,"comment_status":"closed","ping_status":"closed","sticky":false,"template":"","format":"standard","meta":{"_bbp_topic_count":0,"_bbp_reply_count":0,"_bbp_total_topic_count":0,"_bbp_total_reply_count":0,"_bbp_voice_count":0,"_bbp_anonymous_reply_count":0,"_bbp_topic_count_hidden":0,"_bbp_reply_count_hidden":0,"_bbp_forum_subforum_count":0,"footnotes":""},"categories":[10,11,71,1,4],"tags":[],"class_list":["post-6481","post","type-post","status-publish","format-standard","has-post-thumbnail","hentry","category-1r","category-2n","category-fotosdescola","category-general","category-portada"],"post_mailing_queue_ids":[],"_links":{"self":[{"href":"https:\/\/agora.xtec.cat\/escolagaudisabadell\/wp-json\/wp\/v2\/posts\/6481","targetHints":{"allow":["GET"]}}],"collection":[{"href":"https:\/\/agora.xtec.cat\/escolagaudisabadell\/wp-json\/wp\/v2\/posts"}],"about":[{"href":"https:\/\/agora.xtec.cat\/escolagaudisabadell\/wp-json\/wp\/v2\/types\/post"}],"author":[{"embeddable":true,"href":"https:\/\/agora.xtec.cat\/escolagaudisabadell\/wp-json\/wp\/v2\/users\/3"}],"replies":[{"embeddable":true,"href":"https:\/\/agora.xtec.cat\/escolagaudisabadell\/wp-json\/wp\/v2\/comments?post=6481"}],"version-history":[{"count":1,"href":"https:\/\/agora.xtec.cat\/escolagaudisabadell\/wp-json\/wp\/v2\/posts\/6481\/revisions"}],"predecessor-version":[{"id":6483,"href":"https:\/\/agora.xtec.cat\/escolagaudisabadell\/wp-json\/wp\/v2\/posts\/6481\/revisions\/6483"}],"wp:featuredmedia":[{"embeddable":true,"href":"https:\/\/agora.xtec.cat\/escolagaudisabadell\/wp-json\/wp\/v2\/media\/6482"}],"wp:attachment":[{"href":"https:\/\/agora.xtec.cat\/escolagaudisabadell\/wp-json\/wp\/v2\/media?parent=6481"}],"wp:term":[{"taxonomy":"category","embeddable":true,"href":"https:\/\/agora.xtec.cat\/escolagaudisabadell\/wp-json\/wp\/v2\/categories?post=6481"},{"taxonomy":"post_tag","embeddable":true,"href":"https:\/\/agora.xtec.cat\/escolagaudisabadell\/wp-json\/wp\/v2\/tags?post=6481"}],"curies":[{"name":"wp","href":"https:\/\/api.w.org\/{rel}","templated":true}]}}