{"id":6475,"date":"2023-06-11T14:32:52","date_gmt":"2023-06-11T12:32:52","guid":{"rendered":"https:\/\/agora.xtec.cat\/escolagaudisabadell\/?p=6475"},"modified":"2023-06-11T14:32:52","modified_gmt":"2023-06-11T12:32:52","slug":"ei-ci-trobada-literaria-maig-23","status":"publish","type":"post","link":"https:\/\/agora.xtec.cat\/escolagaudisabadell\/general\/ei-ci-trobada-literaria-maig-23\/","title":{"rendered":"EI-CI Trobada liter\u00e0ria maig 23"},"content":{"rendered":"<p>El passat divendres 2 de juny, tot l&#8217;alumnat d&#8217;infantil i inicial va celebrar l&#8217;\u00faltima trobada liter\u00e0ria d&#8217;aquest curs. Com sempre, els nens i les nenes van esfor\u00e7ar-se per recitar els seus poemes i endevinalles i vam gaudir d&#8217;una bona estona.<\/p>\n<p>Fins l&#8217;any vinent!<\/p>\n<p class=\"hide-if-no-js\" style=\"text-align: center\"><a id=\"set-post-thumbnail\" class=\"thickbox\" href=\"https:\/\/photos.app.goo.gl\/uW8JHtGUvdnKGuZu9\" aria-describedby=\"set-post-thumbnail-desc\"><img loading=\"lazy\" decoding=\"async\" class=\"attachment-266x266 alignnone\" src=\"https:\/\/agora.xtec.cat\/escolagaudisabadell\/wp-content\/uploads\/usu1563\/2023\/06\/IMG_20230602_155645-scaled.jpg\" alt=\"\" width=\"266\" height=\"120\" \/><\/a><\/p>\n","protected":false},"excerpt":{"rendered":"<p>El passat divendres 2 de juny, tot l&#8217;alumnat d&#8217;infantil i inicial va celebrar l&#8217;\u00faltima trobada liter\u00e0ria d&#8217;aquest curs. Com sempre, els nens i les nenes van esfor\u00e7ar-se per recitar els seus poemes i endevinalles i vam gaudir d&#8217;una bona estona.<br \/>\nFins l&#8217;any vinent!<br \/>\n<a id=\"set-post-thumbnail\" class=\"thickbox\" href=\"https:\/\/photos.app.goo.gl\/uW8JHtGUvdnKGuZu9\"&hellip;  <a href=\"https:\/\/agora.xtec.cat\/escolagaudisabadell\/general\/ei-ci-trobada-literaria-maig-23\/\" title=\"Read EI-CI Trobada liter\u00e0ria maig 23\">Llegeix m\u00e9s\u00bb<\/a><\/p>\n","protected":false},"author":3,"featured_media":6476,"comment_status":"closed","ping_status":"closed","sticky":false,"template":"","format":"standard","meta":{"_bbp_topic_count":0,"_bbp_reply_count":0,"_bbp_total_topic_count":0,"_bbp_total_reply_count":0,"_bbp_voice_count":0,"_bbp_anonymous_reply_count":0,"_bbp_topic_count_hidden":0,"_bbp_reply_count_hidden":0,"_bbp_forum_subforum_count":0,"footnotes":""},"categories":[10,11,71,1,2,4],"tags":[],"class_list":["post-6475","post","type-post","status-publish","format-standard","has-post-thumbnail","hentry","category-1r","category-2n","category-fotosdescola","category-general","category-infantil","category-portada"],"post_mailing_queue_ids":[],"_links":{"self":[{"href":"https:\/\/agora.xtec.cat\/escolagaudisabadell\/wp-json\/wp\/v2\/posts\/6475","targetHints":{"allow":["GET"]}}],"collection":[{"href":"https:\/\/agora.xtec.cat\/escolagaudisabadell\/wp-json\/wp\/v2\/posts"}],"about":[{"href":"https:\/\/agora.xtec.cat\/escolagaudisabadell\/wp-json\/wp\/v2\/types\/post"}],"author":[{"embeddable":true,"href":"https:\/\/agora.xtec.cat\/escolagaudisabadell\/wp-json\/wp\/v2\/users\/3"}],"replies":[{"embeddable":true,"href":"https:\/\/agora.xtec.cat\/escolagaudisabadell\/wp-json\/wp\/v2\/comments?post=6475"}],"version-history":[{"count":1,"href":"https:\/\/agora.xtec.cat\/escolagaudisabadell\/wp-json\/wp\/v2\/posts\/6475\/revisions"}],"predecessor-version":[{"id":6477,"href":"https:\/\/agora.xtec.cat\/escolagaudisabadell\/wp-json\/wp\/v2\/posts\/6475\/revisions\/6477"}],"wp:featuredmedia":[{"embeddable":true,"href":"https:\/\/agora.xtec.cat\/escolagaudisabadell\/wp-json\/wp\/v2\/media\/6476"}],"wp:attachment":[{"href":"https:\/\/agora.xtec.cat\/escolagaudisabadell\/wp-json\/wp\/v2\/media?parent=6475"}],"wp:term":[{"taxonomy":"category","embeddable":true,"href":"https:\/\/agora.xtec.cat\/escolagaudisabadell\/wp-json\/wp\/v2\/categories?post=6475"},{"taxonomy":"post_tag","embeddable":true,"href":"https:\/\/agora.xtec.cat\/escolagaudisabadell\/wp-json\/wp\/v2\/tags?post=6475"}],"curies":[{"name":"wp","href":"https:\/\/api.w.org\/{rel}","templated":true}]}}