{"id":6472,"date":"2023-06-11T14:26:52","date_gmt":"2023-06-11T12:26:52","guid":{"rendered":"https:\/\/agora.xtec.cat\/escolagaudisabadell\/?p=6472"},"modified":"2023-06-11T14:26:52","modified_gmt":"2023-06-11T12:26:52","slug":"5e-ci-jornada-esportiva-01-06-23","status":"publish","type":"post","link":"https:\/\/agora.xtec.cat\/escolagaudisabadell\/general\/5e-ci-jornada-esportiva-01-06-23\/","title":{"rendered":"5\u00e8-CI Jornada esportiva 01 06 23"},"content":{"rendered":"<p>La classe de 5\u00e8 va preparar una jornada esportiva per a l&#8217;alumnat de cicle inicial.A les sessions d&#8217;educaci\u00f3 f\u00edsica van organitzar diferents jocs esportius i la tarda del passat dijous 1 de juny els van poder explicar als nens i nenes de primer i segon.<\/p>\n<p>Va ser una jornada molt bonica i divertida. Gr\u00e0cies a tots i totes per la feina feta!!<\/p>\n<p class=\"hide-if-no-js\" style=\"text-align: center\"><a id=\"set-post-thumbnail\" class=\"thickbox\" href=\"https:\/\/photos.app.goo.gl\/2jYZNwjPGaqFcNfp9\" aria-describedby=\"set-post-thumbnail-desc\"><img loading=\"lazy\" decoding=\"async\" class=\"attachment-266x266 alignnone\" src=\"https:\/\/agora.xtec.cat\/escolagaudisabadell\/wp-content\/uploads\/usu1563\/2023\/06\/IMG_20230601_160057-scaled.jpg\" alt=\"\" width=\"266\" height=\"120\" \/><\/a><\/p>\n","protected":false},"excerpt":{"rendered":"<p>La classe de 5\u00e8 va preparar una jornada esportiva per a l&#8217;alumnat de cicle inicial.A les sessions d&#8217;educaci\u00f3 f\u00edsica van organitzar diferents jocs esportius i la tarda del passat dijous 1 de juny els van poder explicar als nens i nenes de primer i segon.<br \/>\nVa&hellip;  <a href=\"https:\/\/agora.xtec.cat\/escolagaudisabadell\/general\/5e-ci-jornada-esportiva-01-06-23\/\" title=\"Read 5\u00e8-CI Jornada esportiva 01 06 23\">Llegeix m\u00e9s\u00bb<\/a><\/p>\n","protected":false},"author":3,"featured_media":6473,"comment_status":"closed","ping_status":"closed","sticky":false,"template":"","format":"standard","meta":{"_bbp_topic_count":0,"_bbp_reply_count":0,"_bbp_total_topic_count":0,"_bbp_total_reply_count":0,"_bbp_voice_count":0,"_bbp_anonymous_reply_count":0,"_bbp_topic_count_hidden":0,"_bbp_reply_count_hidden":0,"_bbp_forum_subforum_count":0,"footnotes":""},"categories":[10,11,14,71,1,4],"tags":[],"class_list":["post-6472","post","type-post","status-publish","format-standard","has-post-thumbnail","hentry","category-1r","category-2n","category-5e","category-fotosdescola","category-general","category-portada"],"post_mailing_queue_ids":[],"_links":{"self":[{"href":"https:\/\/agora.xtec.cat\/escolagaudisabadell\/wp-json\/wp\/v2\/posts\/6472","targetHints":{"allow":["GET"]}}],"collection":[{"href":"https:\/\/agora.xtec.cat\/escolagaudisabadell\/wp-json\/wp\/v2\/posts"}],"about":[{"href":"https:\/\/agora.xtec.cat\/escolagaudisabadell\/wp-json\/wp\/v2\/types\/post"}],"author":[{"embeddable":true,"href":"https:\/\/agora.xtec.cat\/escolagaudisabadell\/wp-json\/wp\/v2\/users\/3"}],"replies":[{"embeddable":true,"href":"https:\/\/agora.xtec.cat\/escolagaudisabadell\/wp-json\/wp\/v2\/comments?post=6472"}],"version-history":[{"count":1,"href":"https:\/\/agora.xtec.cat\/escolagaudisabadell\/wp-json\/wp\/v2\/posts\/6472\/revisions"}],"predecessor-version":[{"id":6474,"href":"https:\/\/agora.xtec.cat\/escolagaudisabadell\/wp-json\/wp\/v2\/posts\/6472\/revisions\/6474"}],"wp:featuredmedia":[{"embeddable":true,"href":"https:\/\/agora.xtec.cat\/escolagaudisabadell\/wp-json\/wp\/v2\/media\/6473"}],"wp:attachment":[{"href":"https:\/\/agora.xtec.cat\/escolagaudisabadell\/wp-json\/wp\/v2\/media?parent=6472"}],"wp:term":[{"taxonomy":"category","embeddable":true,"href":"https:\/\/agora.xtec.cat\/escolagaudisabadell\/wp-json\/wp\/v2\/categories?post=6472"},{"taxonomy":"post_tag","embeddable":true,"href":"https:\/\/agora.xtec.cat\/escolagaudisabadell\/wp-json\/wp\/v2\/tags?post=6472"}],"curies":[{"name":"wp","href":"https:\/\/api.w.org\/{rel}","templated":true}]}}