{"id":6431,"date":"2023-05-30T19:43:09","date_gmt":"2023-05-30T17:43:09","guid":{"rendered":"https:\/\/agora.xtec.cat\/escolagaudisabadell\/?p=6431"},"modified":"2023-05-30T19:44:12","modified_gmt":"2023-05-30T17:44:12","slug":"trobada-3r-ball-de-bastons","status":"publish","type":"post","link":"https:\/\/agora.xtec.cat\/escolagaudisabadell\/general\/trobada-3r-ball-de-bastons\/","title":{"rendered":"Trobada 3r &#8220;Ball de bastons&#8221;"},"content":{"rendered":"<p>Hola fam\u00edlies,<\/p>\n<p>El passat dijous vam fer la trobada d&#8217;escoles bastoneres al centre de Sabadell.<\/p>\n<p>Aqu\u00ed us deixem el v\u00eddeo de la nostra actuaci\u00f3.<\/p>\n<p>Cliqueu en aquest enlla\u00e7: <a href=\"https:\/\/photos.app.goo.gl\/FscvsCrn1cNrPE167\">https:\/\/photos.app.goo.gl\/<\/a><\/p>\n<p>&nbsp;<\/p>\n","protected":false},"excerpt":{"rendered":"<p>Hola fam\u00edlies,<br \/>\nEl passat dijous vam fer la trobada d&#8217;escoles bastoneres al centre de Sabadell.<br \/>\nAqu\u00ed us deixem el v\u00eddeo de la nostra actuaci\u00f3.<br \/>\nCliqueu en aquest enlla\u00e7: <a href=\"https:\/\/photos.app.goo.gl\/FscvsCrn1cNrPE167\">https:\/\/photos.app.goo.gl\/<\/a><br \/>\n&nbsp;<\/p>\n","protected":false},"author":1,"featured_media":0,"comment_status":"open","ping_status":"closed","sticky":false,"template":"","format":"standard","meta":{"_bbp_topic_count":0,"_bbp_reply_count":0,"_bbp_total_topic_count":0,"_bbp_total_reply_count":0,"_bbp_voice_count":0,"_bbp_anonymous_reply_count":0,"_bbp_topic_count_hidden":0,"_bbp_reply_count_hidden":0,"_bbp_forum_subforum_count":0,"footnotes":""},"categories":[12,1,4,5],"tags":[],"class_list":["post-6431","post","type-post","status-publish","format-standard","hentry","category-3r","category-general","category-portada","category-primaria"],"post_mailing_queue_ids":[],"_links":{"self":[{"href":"https:\/\/agora.xtec.cat\/escolagaudisabadell\/wp-json\/wp\/v2\/posts\/6431","targetHints":{"allow":["GET"]}}],"collection":[{"href":"https:\/\/agora.xtec.cat\/escolagaudisabadell\/wp-json\/wp\/v2\/posts"}],"about":[{"href":"https:\/\/agora.xtec.cat\/escolagaudisabadell\/wp-json\/wp\/v2\/types\/post"}],"author":[{"embeddable":true,"href":"https:\/\/agora.xtec.cat\/escolagaudisabadell\/wp-json\/wp\/v2\/users\/1"}],"replies":[{"embeddable":true,"href":"https:\/\/agora.xtec.cat\/escolagaudisabadell\/wp-json\/wp\/v2\/comments?post=6431"}],"version-history":[{"count":1,"href":"https:\/\/agora.xtec.cat\/escolagaudisabadell\/wp-json\/wp\/v2\/posts\/6431\/revisions"}],"predecessor-version":[{"id":6432,"href":"https:\/\/agora.xtec.cat\/escolagaudisabadell\/wp-json\/wp\/v2\/posts\/6431\/revisions\/6432"}],"wp:attachment":[{"href":"https:\/\/agora.xtec.cat\/escolagaudisabadell\/wp-json\/wp\/v2\/media?parent=6431"}],"wp:term":[{"taxonomy":"category","embeddable":true,"href":"https:\/\/agora.xtec.cat\/escolagaudisabadell\/wp-json\/wp\/v2\/categories?post=6431"},{"taxonomy":"post_tag","embeddable":true,"href":"https:\/\/agora.xtec.cat\/escolagaudisabadell\/wp-json\/wp\/v2\/tags?post=6431"}],"curies":[{"name":"wp","href":"https:\/\/api.w.org\/{rel}","templated":true}]}}