{"id":6428,"date":"2023-05-29T13:19:58","date_gmt":"2023-05-29T11:19:58","guid":{"rendered":"https:\/\/agora.xtec.cat\/escolagaudisabadell\/?p=6428"},"modified":"2023-05-29T13:19:58","modified_gmt":"2023-05-29T11:19:58","slug":"ci-sortida-al-cim-de-les-aligues-26-05-23","status":"publish","type":"post","link":"https:\/\/agora.xtec.cat\/escolagaudisabadell\/general\/ci-sortida-al-cim-de-les-aligues-26-05-23\/","title":{"rendered":"CI Sortida al Cim de les \u00e0ligues 26 05 23"},"content":{"rendered":"<p>El passat divendres els nens i nenes de 1r i 2n vam anar al Cim de les \u00e0ligues. Vam poder observar diferents tipus d&#8217;aus rapinyaires, recordar les seves caracter\u00edstiques i al final vam gaudir d&#8217;una sessi\u00f3 de vol espectacular.<\/p>\n<p>Despr\u00e9s de dinar vam anar al parc de Can Rius a Caldes de Montbui. Va ser un dia molt especial!<\/p>\n<p class=\"hide-if-no-js\" style=\"text-align: center\"><a id=\"set-post-thumbnail\" class=\"thickbox\" href=\"https:\/\/photos.app.goo.gl\/n5tQcBU8jnV4FZc46\" aria-describedby=\"set-post-thumbnail-desc\"><img loading=\"lazy\" decoding=\"async\" class=\"attachment-266x266 alignnone\" src=\"https:\/\/agora.xtec.cat\/escolagaudisabadell\/wp-content\/uploads\/usu1563\/2023\/05\/IMG_20230526_121029-scaled.jpg\" alt=\"\" width=\"120\" height=\"266\" \/><\/a><\/p>\n<p>&nbsp;<\/p>\n","protected":false},"excerpt":{"rendered":"<p>El passat divendres els nens i nenes de 1r i 2n vam anar al Cim de les \u00e0ligues. Vam poder observar diferents tipus d&#8217;aus rapinyaires, recordar les seves caracter\u00edstiques i al final vam gaudir d&#8217;una sessi\u00f3 de vol espectacular.<br \/>\nDespr\u00e9s de dinar vam anar al parc&hellip;  <a href=\"https:\/\/agora.xtec.cat\/escolagaudisabadell\/general\/ci-sortida-al-cim-de-les-aligues-26-05-23\/\" title=\"Read CI Sortida al Cim de les \u00e0ligues 26 05 23\">Llegeix m\u00e9s\u00bb<\/a><\/p>\n","protected":false},"author":3,"featured_media":6429,"comment_status":"closed","ping_status":"closed","sticky":false,"template":"","format":"standard","meta":{"_bbp_topic_count":0,"_bbp_reply_count":0,"_bbp_total_topic_count":0,"_bbp_total_reply_count":0,"_bbp_voice_count":0,"_bbp_anonymous_reply_count":0,"_bbp_topic_count_hidden":0,"_bbp_reply_count_hidden":0,"_bbp_forum_subforum_count":0,"footnotes":""},"categories":[10,11,71,1,4],"tags":[],"class_list":["post-6428","post","type-post","status-publish","format-standard","has-post-thumbnail","hentry","category-1r","category-2n","category-fotosdescola","category-general","category-portada"],"post_mailing_queue_ids":[],"_links":{"self":[{"href":"https:\/\/agora.xtec.cat\/escolagaudisabadell\/wp-json\/wp\/v2\/posts\/6428","targetHints":{"allow":["GET"]}}],"collection":[{"href":"https:\/\/agora.xtec.cat\/escolagaudisabadell\/wp-json\/wp\/v2\/posts"}],"about":[{"href":"https:\/\/agora.xtec.cat\/escolagaudisabadell\/wp-json\/wp\/v2\/types\/post"}],"author":[{"embeddable":true,"href":"https:\/\/agora.xtec.cat\/escolagaudisabadell\/wp-json\/wp\/v2\/users\/3"}],"replies":[{"embeddable":true,"href":"https:\/\/agora.xtec.cat\/escolagaudisabadell\/wp-json\/wp\/v2\/comments?post=6428"}],"version-history":[{"count":1,"href":"https:\/\/agora.xtec.cat\/escolagaudisabadell\/wp-json\/wp\/v2\/posts\/6428\/revisions"}],"predecessor-version":[{"id":6430,"href":"https:\/\/agora.xtec.cat\/escolagaudisabadell\/wp-json\/wp\/v2\/posts\/6428\/revisions\/6430"}],"wp:featuredmedia":[{"embeddable":true,"href":"https:\/\/agora.xtec.cat\/escolagaudisabadell\/wp-json\/wp\/v2\/media\/6429"}],"wp:attachment":[{"href":"https:\/\/agora.xtec.cat\/escolagaudisabadell\/wp-json\/wp\/v2\/media?parent=6428"}],"wp:term":[{"taxonomy":"category","embeddable":true,"href":"https:\/\/agora.xtec.cat\/escolagaudisabadell\/wp-json\/wp\/v2\/categories?post=6428"},{"taxonomy":"post_tag","embeddable":true,"href":"https:\/\/agora.xtec.cat\/escolagaudisabadell\/wp-json\/wp\/v2\/tags?post=6428"}],"curies":[{"name":"wp","href":"https:\/\/api.w.org\/{rel}","templated":true}]}}