{"id":6425,"date":"2023-05-26T20:45:31","date_gmt":"2023-05-26T18:45:31","guid":{"rendered":"https:\/\/agora.xtec.cat\/escolagaudisabadell\/?p=6425"},"modified":"2023-05-26T20:45:31","modified_gmt":"2023-05-26T18:45:31","slug":"ultim-dia-de-natacio-1r","status":"publish","type":"post","link":"https:\/\/agora.xtec.cat\/escolagaudisabadell\/general\/ultim-dia-de-natacio-1r\/","title":{"rendered":"\u00daLTIM DIA DE NATACI\u00d3 1r"},"content":{"rendered":"<p>Aquest dijous ha sigut l&#8217;\u00faltim dia de nataci\u00f3 per els nens i nenes de 1r.<\/p>\n<p>Per celebrar-ho, s&#8217;han passat l&#8217;estona jugant a la piscina de multijocs.\u00a0Us deixem algunes fotos que hem pogut fer perqu\u00e8 no paraven de saltar i jugar a l&#8217;aigua.<\/p>\n<p>Esperem que aquest estiu gaudiu molt de la platja i la piscina.<\/p>\n<p>Mari i Montse<\/p>\n<p><a href=\"https:\/\/photos.app.goo.gl\/Qf7BHyKYDjd3PJgb8\"><img loading=\"lazy\" decoding=\"async\" class=\"aligncenter\" src=\"https:\/\/lh3.googleusercontent.com\/4LG1agDV5Ou0mQoxABduzGrgZzHf1ELRgtkPd-GqLpieljlSmllorqndAOkunnYSJo5pWmKWrU-_gdO_EmRIlLf6C0XTZXYyNz5pfLBXLGAPVeuaD-C37SEl3HOWp768vw-ldqHGpFs-PifbZDPMRIPN0qZZWglijgvSJi8sd2Urd15vRjIjTIG8oR0kG23-DDIjYJuMtM0KYsg7TLbQa6cRmVMhdziNGW9BHBGO8r3rdbE9R74m5KyYBRBAViHMDJVck84-z0tgpNOPBub5VL-0sMmg1VyzaXg1NZKNzf6NCBlRK-T8AV9_7aBYQ7J35v3phRE-ZHP230acjWF_Hwql1bw4N3rCLvvW3jt2kWw2jIUt3Rw1_qOV-nTMOf-CoiYoBLekFItDoaIkA3j8_BuHQjDOzwXe9Gf1-EVt5aBUuHcUlMUtAimjgxTtZg_En2Xj5dQYnQAe5cUk74aVOKbGM4NE8OWXgIT9igMyzx-kpTjSv0ZZ6aHzHGASIJz2rAJxKndS9B6ItI9dP4JMPN_mJdhJXI-4kqkVYXiLh5-JRdFNq_C96I830RkaewgNlxAT6sx6pZTqkreH-UTbtBy7VWJV6jV4_C8JKJw15RO_FDsUWfWF1xF6jgBLWe_g6Cgo7TnPflxe_EaYrkX9FuOLq-iOFYA1ixa56kGUCFEXBUpQCpe9nUSkm2b-6Z2CLjc4vR9UhPBdgO4_sZ5rncYt3MgKyfRMzMtFy9_hz_3vQJscQGseItgB2nL144fp-FqwctIzSpFeRQFD1MwtaMD4ExfpWTIGQqQP5UlbahYR4F1SfFvx2k0okIjzGMZHj3Gg3uIfYUb_5c7jIPSQLw_d9EGd8Rkqan93I26wq8o0r37-jDcl0APIuiUrTjrGidRqOeTDoYrHnqu1GyOEFT7Stdix-HDTNi6Va69kyQTKCagO=w686-h914-s-no?authuser=0\" width=\"392\" height=\"522\" \/><\/a><\/p>\n","protected":false},"excerpt":{"rendered":"<p>Aquest dijous ha sigut l&#8217;\u00faltim dia de nataci\u00f3 per els nens i nenes de 1r.<br \/>\nPer celebrar-ho, s&#8217;han passat l&#8217;estona jugant a la piscina de multijocs.\u00a0Us deixem algunes fotos que hem pogut fer perqu\u00e8 no paraven de saltar i jugar a l&#8217;aigua.<br \/>\nEsperem que aquest estiu gaudiu&hellip;  <a href=\"https:\/\/agora.xtec.cat\/escolagaudisabadell\/general\/ultim-dia-de-natacio-1r\/\" title=\"Read \u00daLTIM DIA DE NATACI\u00d3 1r\">Llegeix m\u00e9s\u00bb<\/a><\/p>\n","protected":false},"author":1,"featured_media":0,"comment_status":"open","ping_status":"closed","sticky":false,"template":"","format":"standard","meta":{"_bbp_topic_count":0,"_bbp_reply_count":0,"_bbp_total_topic_count":0,"_bbp_total_reply_count":0,"_bbp_voice_count":0,"_bbp_anonymous_reply_count":0,"_bbp_topic_count_hidden":0,"_bbp_reply_count_hidden":0,"_bbp_forum_subforum_count":0,"footnotes":""},"categories":[10,1,4],"tags":[],"class_list":["post-6425","post","type-post","status-publish","format-standard","hentry","category-1r","category-general","category-portada"],"post_mailing_queue_ids":[],"_links":{"self":[{"href":"https:\/\/agora.xtec.cat\/escolagaudisabadell\/wp-json\/wp\/v2\/posts\/6425","targetHints":{"allow":["GET"]}}],"collection":[{"href":"https:\/\/agora.xtec.cat\/escolagaudisabadell\/wp-json\/wp\/v2\/posts"}],"about":[{"href":"https:\/\/agora.xtec.cat\/escolagaudisabadell\/wp-json\/wp\/v2\/types\/post"}],"author":[{"embeddable":true,"href":"https:\/\/agora.xtec.cat\/escolagaudisabadell\/wp-json\/wp\/v2\/users\/1"}],"replies":[{"embeddable":true,"href":"https:\/\/agora.xtec.cat\/escolagaudisabadell\/wp-json\/wp\/v2\/comments?post=6425"}],"version-history":[{"count":2,"href":"https:\/\/agora.xtec.cat\/escolagaudisabadell\/wp-json\/wp\/v2\/posts\/6425\/revisions"}],"predecessor-version":[{"id":6427,"href":"https:\/\/agora.xtec.cat\/escolagaudisabadell\/wp-json\/wp\/v2\/posts\/6425\/revisions\/6427"}],"wp:attachment":[{"href":"https:\/\/agora.xtec.cat\/escolagaudisabadell\/wp-json\/wp\/v2\/media?parent=6425"}],"wp:term":[{"taxonomy":"category","embeddable":true,"href":"https:\/\/agora.xtec.cat\/escolagaudisabadell\/wp-json\/wp\/v2\/categories?post=6425"},{"taxonomy":"post_tag","embeddable":true,"href":"https:\/\/agora.xtec.cat\/escolagaudisabadell\/wp-json\/wp\/v2\/tags?post=6425"}],"curies":[{"name":"wp","href":"https:\/\/api.w.org\/{rel}","templated":true}]}}