{"id":6336,"date":"2023-05-10T20:56:13","date_gmt":"2023-05-10T18:56:13","guid":{"rendered":"https:\/\/agora.xtec.cat\/escolagaudisabadell\/?p=6336"},"modified":"2023-05-10T20:56:35","modified_gmt":"2023-05-10T18:56:35","slug":"xvi-certamen-literari","status":"publish","type":"post","link":"https:\/\/agora.xtec.cat\/escolagaudisabadell\/general\/xvi-certamen-literari\/","title":{"rendered":"XVI Certamen Literari"},"content":{"rendered":"<p>El passat dilluns 24 d&#8217;abril vam poder tornar a celebrar el Certamen Literari com f\u00e8iem abans de la pand\u00e8mia. Ens vam trobar tota l&#8217;escola a la sala d&#8217;actes per celebrar la diada de sant Jordi. L&#8217;alumnat d&#8217;infantil i inicial va recitar les seves poesies, relacionades amb la festa de sant Jordi o amb l&#8217;eix transversal d&#8217;aquest curs. I l&#8217;alumnat de cicle mitj\u00e0 i cicle superior van rebre els premis del concurs literari. A m\u00e9s, la classe de cinqu\u00e8 va amenitzar la trobada amb la representaci\u00f3 dels sketchs en angl\u00e8s.Vam gaudir d&#8217;una bona estona liter\u00e0ria!<\/p>\n<p class=\"hide-if-no-js\" style=\"text-align: center\"><a id=\"set-post-thumbnail\" class=\"thickbox\" href=\"https:\/\/photos.app.goo.gl\/UyReojTTUYq1J3u88\" aria-describedby=\"set-post-thumbnail-desc\"><img loading=\"lazy\" decoding=\"async\" class=\"attachment-266x266 alignnone\" src=\"https:\/\/agora.xtec.cat\/escolagaudisabadell\/wp-content\/uploads\/usu1563\/2023\/05\/istockphoto-668207656-612x612-1.jpg\" alt=\"\" width=\"266\" height=\"177\" \/><\/a><\/p>\n","protected":false},"excerpt":{"rendered":"<p>El passat dilluns 24 d&#8217;abril vam poder tornar a celebrar el Certamen Literari com f\u00e8iem abans de la pand\u00e8mia. Ens vam trobar tota l&#8217;escola a la sala d&#8217;actes per celebrar la diada de sant Jordi. L&#8217;alumnat d&#8217;infantil i inicial va recitar les seves poesies, relacionades&hellip;  <a href=\"https:\/\/agora.xtec.cat\/escolagaudisabadell\/general\/xvi-certamen-literari\/\" title=\"Read XVI Certamen Literari\">Llegeix m\u00e9s\u00bb<\/a><\/p>\n","protected":false},"author":3,"featured_media":6341,"comment_status":"closed","ping_status":"closed","sticky":false,"template":"","format":"standard","meta":{"_bbp_topic_count":0,"_bbp_reply_count":0,"_bbp_total_topic_count":0,"_bbp_total_reply_count":0,"_bbp_voice_count":0,"_bbp_anonymous_reply_count":0,"_bbp_topic_count_hidden":0,"_bbp_reply_count_hidden":0,"_bbp_forum_subforum_count":0,"footnotes":""},"categories":[10,11,12,13,14,15,71,1,4,5],"tags":[],"class_list":["post-6336","post","type-post","status-publish","format-standard","has-post-thumbnail","hentry","category-1r","category-2n","category-3r","category-4t","category-5e","category-6e","category-fotosdescola","category-general","category-portada","category-primaria"],"post_mailing_queue_ids":[],"_links":{"self":[{"href":"https:\/\/agora.xtec.cat\/escolagaudisabadell\/wp-json\/wp\/v2\/posts\/6336","targetHints":{"allow":["GET"]}}],"collection":[{"href":"https:\/\/agora.xtec.cat\/escolagaudisabadell\/wp-json\/wp\/v2\/posts"}],"about":[{"href":"https:\/\/agora.xtec.cat\/escolagaudisabadell\/wp-json\/wp\/v2\/types\/post"}],"author":[{"embeddable":true,"href":"https:\/\/agora.xtec.cat\/escolagaudisabadell\/wp-json\/wp\/v2\/users\/3"}],"replies":[{"embeddable":true,"href":"https:\/\/agora.xtec.cat\/escolagaudisabadell\/wp-json\/wp\/v2\/comments?post=6336"}],"version-history":[{"count":2,"href":"https:\/\/agora.xtec.cat\/escolagaudisabadell\/wp-json\/wp\/v2\/posts\/6336\/revisions"}],"predecessor-version":[{"id":6345,"href":"https:\/\/agora.xtec.cat\/escolagaudisabadell\/wp-json\/wp\/v2\/posts\/6336\/revisions\/6345"}],"wp:featuredmedia":[{"embeddable":true,"href":"https:\/\/agora.xtec.cat\/escolagaudisabadell\/wp-json\/wp\/v2\/media\/6341"}],"wp:attachment":[{"href":"https:\/\/agora.xtec.cat\/escolagaudisabadell\/wp-json\/wp\/v2\/media?parent=6336"}],"wp:term":[{"taxonomy":"category","embeddable":true,"href":"https:\/\/agora.xtec.cat\/escolagaudisabadell\/wp-json\/wp\/v2\/categories?post=6336"},{"taxonomy":"post_tag","embeddable":true,"href":"https:\/\/agora.xtec.cat\/escolagaudisabadell\/wp-json\/wp\/v2\/tags?post=6336"}],"curies":[{"name":"wp","href":"https:\/\/api.w.org\/{rel}","templated":true}]}}