{"id":6285,"date":"2023-05-10T19:57:38","date_gmt":"2023-05-10T17:57:38","guid":{"rendered":"https:\/\/agora.xtec.cat\/escolagaudisabadell\/?p=6285"},"modified":"2023-05-10T19:57:38","modified_gmt":"2023-05-10T17:57:38","slug":"2n-dinamica-cohesio-de-grup-14-04-23","status":"publish","type":"post","link":"https:\/\/agora.xtec.cat\/escolagaudisabadell\/general\/2n-dinamica-cohesio-de-grup-14-04-23\/","title":{"rendered":"2n  Din\u00e0mica cohesi\u00f3 de grup 14 04 23"},"content":{"rendered":"<p>La Irene i la Sara ens van preparar una activitat divertida per ajudar-nos a reflexionar sobre la import\u00e0ncia de cuidar les relacions i les persones que formem el grup. Ens vam adonar que sense parlar en cap moment vam ser capa\u00e7os de resoldre la situaci\u00f3 i que no pod\u00edem fer-ho sense l&#8217;ajuda dels altres. En la reflexi\u00f3 final vam veure que tenim capacitat d&#8217;empatia, d&#8217;ajudar els altres i fer-nos suport en diferents situacions del dia a dia a l&#8217;escola.<\/p>\n<p class=\"hide-if-no-js\" style=\"text-align: center\"><a id=\"set-post-thumbnail\" class=\"thickbox\" href=\"https:\/\/photos.app.goo.gl\/NmY3dS4cFq75JrTu6\" aria-describedby=\"set-post-thumbnail-desc\"><img loading=\"lazy\" decoding=\"async\" class=\"attachment-266x266 alignnone\" src=\"https:\/\/agora.xtec.cat\/escolagaudisabadell\/wp-content\/uploads\/usu1563\/2023\/04\/IMG_20230414_102125-300x300.jpg\" alt=\"\" width=\"266\" height=\"266\" \/><\/a><\/p>\n","protected":false},"excerpt":{"rendered":"<p>La Irene i la Sara ens van preparar una activitat divertida per ajudar-nos a reflexionar sobre la import\u00e0ncia de cuidar les relacions i les persones que formem el grup. Ens vam adonar que sense parlar en cap moment vam ser capa\u00e7os de resoldre la situaci\u00f3&hellip;  <a href=\"https:\/\/agora.xtec.cat\/escolagaudisabadell\/general\/2n-dinamica-cohesio-de-grup-14-04-23\/\" title=\"Read 2n  Din\u00e0mica cohesi\u00f3 de grup 14 04 23\">Llegeix m\u00e9s\u00bb<\/a><\/p>\n","protected":false},"author":3,"featured_media":6286,"comment_status":"closed","ping_status":"closed","sticky":false,"template":"","format":"standard","meta":{"_bbp_topic_count":0,"_bbp_reply_count":0,"_bbp_total_topic_count":0,"_bbp_total_reply_count":0,"_bbp_voice_count":0,"_bbp_anonymous_reply_count":0,"_bbp_topic_count_hidden":0,"_bbp_reply_count_hidden":0,"_bbp_forum_subforum_count":0,"footnotes":""},"categories":[11,71,1,4],"tags":[],"class_list":["post-6285","post","type-post","status-publish","format-standard","has-post-thumbnail","hentry","category-2n","category-fotosdescola","category-general","category-portada"],"post_mailing_queue_ids":[],"_links":{"self":[{"href":"https:\/\/agora.xtec.cat\/escolagaudisabadell\/wp-json\/wp\/v2\/posts\/6285","targetHints":{"allow":["GET"]}}],"collection":[{"href":"https:\/\/agora.xtec.cat\/escolagaudisabadell\/wp-json\/wp\/v2\/posts"}],"about":[{"href":"https:\/\/agora.xtec.cat\/escolagaudisabadell\/wp-json\/wp\/v2\/types\/post"}],"author":[{"embeddable":true,"href":"https:\/\/agora.xtec.cat\/escolagaudisabadell\/wp-json\/wp\/v2\/users\/3"}],"replies":[{"embeddable":true,"href":"https:\/\/agora.xtec.cat\/escolagaudisabadell\/wp-json\/wp\/v2\/comments?post=6285"}],"version-history":[{"count":3,"href":"https:\/\/agora.xtec.cat\/escolagaudisabadell\/wp-json\/wp\/v2\/posts\/6285\/revisions"}],"predecessor-version":[{"id":6335,"href":"https:\/\/agora.xtec.cat\/escolagaudisabadell\/wp-json\/wp\/v2\/posts\/6285\/revisions\/6335"}],"wp:featuredmedia":[{"embeddable":true,"href":"https:\/\/agora.xtec.cat\/escolagaudisabadell\/wp-json\/wp\/v2\/media\/6286"}],"wp:attachment":[{"href":"https:\/\/agora.xtec.cat\/escolagaudisabadell\/wp-json\/wp\/v2\/media?parent=6285"}],"wp:term":[{"taxonomy":"category","embeddable":true,"href":"https:\/\/agora.xtec.cat\/escolagaudisabadell\/wp-json\/wp\/v2\/categories?post=6285"},{"taxonomy":"post_tag","embeddable":true,"href":"https:\/\/agora.xtec.cat\/escolagaudisabadell\/wp-json\/wp\/v2\/tags?post=6285"}],"curies":[{"name":"wp","href":"https:\/\/api.w.org\/{rel}","templated":true}]}}