{"id":6281,"date":"2023-04-27T19:37:37","date_gmt":"2023-04-27T17:37:37","guid":{"rendered":"https:\/\/agora.xtec.cat\/escolagaudisabadell\/?p=6281"},"modified":"2023-04-27T19:37:37","modified_gmt":"2023-04-27T17:37:37","slug":"2n-el-pas-del-temps-participacio-families-13-04-23","status":"publish","type":"post","link":"https:\/\/agora.xtec.cat\/escolagaudisabadell\/general\/2n-el-pas-del-temps-participacio-families-13-04-23\/","title":{"rendered":"2n El pas del temps: participaci\u00f3 fam\u00edlies 13 04 23"},"content":{"rendered":"<p>Per completar el treball sobre el pas del temps, un parell de fam\u00edlies de la classe dels mussols es van oferir a explicar-nos com havien canviat alguns objectes de la vida quotidiana. Vam veure de prop alguns elements que no coneix\u00edem: c\u00e0mera de fotos, walkman, cintes de v\u00eddeo i disquets. Gr\u00e0cies Tamara i Sandra per venir!!<\/p>\n<p class=\"hide-if-no-js\" style=\"text-align: center\"><a id=\"set-post-thumbnail\" class=\"thickbox\" href=\"https:\/\/photos.app.goo.gl\/EiBwPSSoMszeV8vg8\" aria-describedby=\"set-post-thumbnail-desc\"><img loading=\"lazy\" decoding=\"async\" class=\"attachment-266x266 alignnone\" src=\"https:\/\/agora.xtec.cat\/escolagaudisabadell\/wp-content\/uploads\/usu1563\/2023\/04\/IMG_20230413_151023-300x300.jpg\" alt=\"\" width=\"266\" height=\"266\" \/><\/a><\/p>\n","protected":false},"excerpt":{"rendered":"<p>Per completar el treball sobre el pas del temps, un parell de fam\u00edlies de la classe dels mussols es van oferir a explicar-nos com havien canviat alguns objectes de la vida quotidiana. Vam veure de prop alguns elements que no coneix\u00edem: c\u00e0mera de fotos, walkman,&hellip;  <a href=\"https:\/\/agora.xtec.cat\/escolagaudisabadell\/general\/2n-el-pas-del-temps-participacio-families-13-04-23\/\" title=\"Read 2n El pas del temps: participaci\u00f3 fam\u00edlies 13 04 23\">Llegeix m\u00e9s\u00bb<\/a><\/p>\n","protected":false},"author":3,"featured_media":6283,"comment_status":"closed","ping_status":"closed","sticky":false,"template":"","format":"standard","meta":{"_bbp_topic_count":0,"_bbp_reply_count":0,"_bbp_total_topic_count":0,"_bbp_total_reply_count":0,"_bbp_voice_count":0,"_bbp_anonymous_reply_count":0,"_bbp_topic_count_hidden":0,"_bbp_reply_count_hidden":0,"_bbp_forum_subforum_count":0,"footnotes":""},"categories":[11,71,1,4],"tags":[],"class_list":["post-6281","post","type-post","status-publish","format-standard","has-post-thumbnail","hentry","category-2n","category-fotosdescola","category-general","category-portada"],"post_mailing_queue_ids":[],"_links":{"self":[{"href":"https:\/\/agora.xtec.cat\/escolagaudisabadell\/wp-json\/wp\/v2\/posts\/6281","targetHints":{"allow":["GET"]}}],"collection":[{"href":"https:\/\/agora.xtec.cat\/escolagaudisabadell\/wp-json\/wp\/v2\/posts"}],"about":[{"href":"https:\/\/agora.xtec.cat\/escolagaudisabadell\/wp-json\/wp\/v2\/types\/post"}],"author":[{"embeddable":true,"href":"https:\/\/agora.xtec.cat\/escolagaudisabadell\/wp-json\/wp\/v2\/users\/3"}],"replies":[{"embeddable":true,"href":"https:\/\/agora.xtec.cat\/escolagaudisabadell\/wp-json\/wp\/v2\/comments?post=6281"}],"version-history":[{"count":1,"href":"https:\/\/agora.xtec.cat\/escolagaudisabadell\/wp-json\/wp\/v2\/posts\/6281\/revisions"}],"predecessor-version":[{"id":6284,"href":"https:\/\/agora.xtec.cat\/escolagaudisabadell\/wp-json\/wp\/v2\/posts\/6281\/revisions\/6284"}],"wp:featuredmedia":[{"embeddable":true,"href":"https:\/\/agora.xtec.cat\/escolagaudisabadell\/wp-json\/wp\/v2\/media\/6283"}],"wp:attachment":[{"href":"https:\/\/agora.xtec.cat\/escolagaudisabadell\/wp-json\/wp\/v2\/media?parent=6281"}],"wp:term":[{"taxonomy":"category","embeddable":true,"href":"https:\/\/agora.xtec.cat\/escolagaudisabadell\/wp-json\/wp\/v2\/categories?post=6281"},{"taxonomy":"post_tag","embeddable":true,"href":"https:\/\/agora.xtec.cat\/escolagaudisabadell\/wp-json\/wp\/v2\/tags?post=6281"}],"curies":[{"name":"wp","href":"https:\/\/api.w.org\/{rel}","templated":true}]}}