{"id":6241,"date":"2023-04-14T13:05:55","date_gmt":"2023-04-14T11:05:55","guid":{"rendered":"https:\/\/agora.xtec.cat\/escolagaudisabadell\/?p=6241"},"modified":"2023-10-11T17:15:39","modified_gmt":"2023-10-11T15:15:39","slug":"ajuts-de-menjador-i-beques-de-llibres-i-material-didactic-2023-2024","status":"publish","type":"post","link":"https:\/\/agora.xtec.cat\/escolagaudisabadell\/general\/ajuts-de-menjador-i-beques-de-llibres-i-material-didactic-2023-2024\/","title":{"rendered":"AJUTS DE MENJADOR I BEQUES DE LLIBRES I MATERIAL DID\u00c1CTIC 2023-2024"},"content":{"rendered":"<p>Com cada any, l&#8217;Ajuntament de Sabadell, promou i gestiona el proc\u00e9s per la realitzaci\u00f3 del tr\u00e0mit de sol\u00b7licitud dels ajuts de menjador i beques de\u00a0 llibres i material did\u00e0ctic a les fam\u00edlies. A continuaci\u00f3 facilitem la informaci\u00f3 necess\u00e0ria per accedir a la petici\u00f3.<\/p>\n<p style=\"text-align: center;\"><img loading=\"lazy\" decoding=\"async\" class=\"alignnone size-full wp-image-6242\" src=\"https:\/\/agora.xtec.cat\/escolagaudisabadell\/wp-content\/uploads\/usu1563\/2023\/04\/Beques-Menjador-i-Llibres.jpg\" alt=\"\" width=\"267\" height=\"188\" \/><\/p>\n<p><strong>CALENDARI:<\/strong><\/p>\n<p>S&#8217;iniciar\u00e0 el dilluns <b>17 d\u2019abril<\/b>, i finalitzar\u00e0 el <b>12 de maig<\/b>. (Enlla\u00e7 habilitat a baix)<\/p>\n<p><strong>ENLLA\u00c7OS INFORMATIUS: <\/strong><\/p>\n<p><b>1.\u00a0\u00a0\u00a0\u00a0\u00a0 <\/b><b>Al seg\u00fcent enlla\u00e7 podeu consultar el lloc que us correspon, segons el centre educatiu per la formalitzaci\u00f3 de la sol\u00b7licitud:<br \/>\n<\/b><\/p>\n<p><b> <a href=\"https:\/\/agora.xtec.cat\/ceip-enric-casassas\/wp-content\/uploads\/usu432\/2023\/04\/01_Guia-centres_procediment_comu_tramitacio-ajuts.pdf\" target=\"_blank\" rel=\"noopener\">01_Guia centres_procediment_com\u00fa_tramitaci\u00f3 ajuts<\/a><\/b><\/p>\n<p style=\"text-align: center;\">L&#8217;Escola Gaud\u00ed, t\u00e9 assignada com a oficina de refer\u00e8ncia d&#8217;atenci\u00f3 ciutadana:<\/p>\n<p style=\"text-align: center;\"><strong>CC CA N&#8217;ORIAC<\/strong> del C\/ D&#8217;Arousa,2\u00a0 \u00a008207 Sabadell<\/p>\n<p><b>2.\u00a0\u00a0\u00a0\u00a0\u00a0 Aqu\u00ed podeu informar-vos de com demanar cita pr\u00e8via <\/b><b>(amb els centres de refer\u00e8ncia per a cada centre educatiu i link a tr\u00e0mit).<\/b><\/p>\n<p><b><a href=\"https:\/\/agora.xtec.cat\/ceip-enric-casassas\/wp-content\/uploads\/usu432\/2023\/04\/02_Procediment_Atencio_Cita-Previa_segons-cen.pdf\" target=\"_blank\" rel=\"noopener\">02_Procediment_Atenci\u00f3_Cita Pr\u00e8via_segons cen<\/a><\/b><\/p>\n<p><strong>3. Instruccions per tramitar la sol\u00b7licitud:<\/strong><\/p>\n<p><a href=\"https:\/\/agora.xtec.cat\/ceip-enric-casassas\/wp-content\/uploads\/usu432\/2023\/04\/03_Instruccions_tramit_telematic_seu_electronica.pdf\"><strong>03_Instruccions_tr\u00e0mit_telem\u00e0tic_seu_electr\u00f2nica<\/strong><\/a><\/p>\n","protected":false},"excerpt":{"rendered":"<p>Com cada any, l&#8217;Ajuntament de Sabadell, promou i gestiona el proc\u00e9s per la realitzaci\u00f3 del tr\u00e0mit de sol\u00b7licitud dels ajuts de menjador i beques de\u00a0 llibres i material did\u00e0ctic a les fam\u00edlies. A continuaci\u00f3 facilitem la informaci\u00f3 necess\u00e0ria per accedir a la petici\u00f3.<\/p>\n<p>CALENDARI:<br \/>\nS&#8217;iniciar\u00e0 el dilluns&hellip;  <a href=\"https:\/\/agora.xtec.cat\/escolagaudisabadell\/general\/ajuts-de-menjador-i-beques-de-llibres-i-material-didactic-2023-2024\/\" title=\"Read AJUTS DE MENJADOR I BEQUES DE LLIBRES I MATERIAL DID\u00c1CTIC 2023-2024\">Llegeix m\u00e9s\u00bb<\/a><\/p>\n","protected":false},"author":1,"featured_media":6242,"comment_status":"closed","ping_status":"closed","sticky":false,"template":"","format":"standard","meta":{"_bbp_topic_count":0,"_bbp_reply_count":0,"_bbp_total_topic_count":0,"_bbp_total_reply_count":0,"_bbp_voice_count":0,"_bbp_anonymous_reply_count":0,"_bbp_topic_count_hidden":0,"_bbp_reply_count_hidden":0,"_bbp_forum_subforum_count":0,"footnotes":""},"categories":[10,11,12,13,14,15,1,2,82,3,8,9,4,5],"tags":[],"class_list":["post-6241","post","type-post","status-publish","format-standard","has-post-thumbnail","hentry","category-1r","category-2n","category-3r","category-4t","category-5e","category-6e","category-general","category-infantil","category-fotos-menjador","category-p3","category-p4","category-p5","category-portada","category-primaria"],"post_mailing_queue_ids":[],"_links":{"self":[{"href":"https:\/\/agora.xtec.cat\/escolagaudisabadell\/wp-json\/wp\/v2\/posts\/6241","targetHints":{"allow":["GET"]}}],"collection":[{"href":"https:\/\/agora.xtec.cat\/escolagaudisabadell\/wp-json\/wp\/v2\/posts"}],"about":[{"href":"https:\/\/agora.xtec.cat\/escolagaudisabadell\/wp-json\/wp\/v2\/types\/post"}],"author":[{"embeddable":true,"href":"https:\/\/agora.xtec.cat\/escolagaudisabadell\/wp-json\/wp\/v2\/users\/1"}],"replies":[{"embeddable":true,"href":"https:\/\/agora.xtec.cat\/escolagaudisabadell\/wp-json\/wp\/v2\/comments?post=6241"}],"version-history":[{"count":4,"href":"https:\/\/agora.xtec.cat\/escolagaudisabadell\/wp-json\/wp\/v2\/posts\/6241\/revisions"}],"predecessor-version":[{"id":6652,"href":"https:\/\/agora.xtec.cat\/escolagaudisabadell\/wp-json\/wp\/v2\/posts\/6241\/revisions\/6652"}],"wp:featuredmedia":[{"embeddable":true,"href":"https:\/\/agora.xtec.cat\/escolagaudisabadell\/wp-json\/wp\/v2\/media\/6242"}],"wp:attachment":[{"href":"https:\/\/agora.xtec.cat\/escolagaudisabadell\/wp-json\/wp\/v2\/media?parent=6241"}],"wp:term":[{"taxonomy":"category","embeddable":true,"href":"https:\/\/agora.xtec.cat\/escolagaudisabadell\/wp-json\/wp\/v2\/categories?post=6241"},{"taxonomy":"post_tag","embeddable":true,"href":"https:\/\/agora.xtec.cat\/escolagaudisabadell\/wp-json\/wp\/v2\/tags?post=6241"}],"curies":[{"name":"wp","href":"https:\/\/api.w.org\/{rel}","templated":true}]}}