{"id":6226,"date":"2023-04-08T22:48:32","date_gmt":"2023-04-08T20:48:32","guid":{"rendered":"https:\/\/agora.xtec.cat\/escolagaudisabadell\/?p=6226"},"modified":"2023-04-08T22:54:04","modified_gmt":"2023-04-08T20:54:04","slug":"ei-ci-trobada-literaria-marc-31-03-23","status":"publish","type":"post","link":"https:\/\/agora.xtec.cat\/escolagaudisabadell\/general\/ei-ci-trobada-literaria-marc-31-03-23\/","title":{"rendered":"EI-CI Trobada liter\u00e0ria mar\u00e7 31 03 23"},"content":{"rendered":"<p>Com cada \u00faltim divendres de mes, l&#8217;alumnat d&#8217;infantil i inicial vam celebrar la Trobada Liter\u00e0ria. Aquesta vegada vam preparar endevinalles. Va ser una estona molt entretinguda, els infants van haver d&#8217;escoltar molt atentament el que recitaven els companys d&#8217;altres classes i barrinar quina podia ser la soluci\u00f3 de l&#8217;endevinalla que ens proposaven. Va ser una bona manera d&#8217;acabar el trimestre!<\/p>\n<p class=\"hide-if-no-js\" style=\"text-align: center\"><a id=\"set-post-thumbnail\" class=\"thickbox\" href=\"https:\/\/photos.app.goo.gl\/eTSqxDz4sbckV8Rh8\" aria-describedby=\"set-post-thumbnail-desc\"><img loading=\"lazy\" decoding=\"async\" class=\"attachment-266x266 alignnone\" src=\"https:\/\/agora.xtec.cat\/escolagaudisabadell\/wp-content\/uploads\/usu1563\/2023\/04\/IMG_20230331_152651-scaled.jpg\" alt=\"\" width=\"266\" height=\"150\" \/><\/a><\/p>\n","protected":false},"excerpt":{"rendered":"<p>Com cada \u00faltim divendres de mes, l&#8217;alumnat d&#8217;infantil i inicial vam celebrar la Trobada Liter\u00e0ria. Aquesta vegada vam preparar endevinalles. Va ser una estona molt entretinguda, els infants van haver d&#8217;escoltar molt atentament el que recitaven els companys d&#8217;altres classes i barrinar quina podia ser&hellip;  <a href=\"https:\/\/agora.xtec.cat\/escolagaudisabadell\/general\/ei-ci-trobada-literaria-marc-31-03-23\/\" title=\"Read EI-CI Trobada liter\u00e0ria mar\u00e7 31 03 23\">Llegeix m\u00e9s\u00bb<\/a><\/p>\n","protected":false},"author":3,"featured_media":6227,"comment_status":"closed","ping_status":"closed","sticky":false,"template":"","format":"standard","meta":{"_bbp_topic_count":0,"_bbp_reply_count":0,"_bbp_total_topic_count":0,"_bbp_total_reply_count":0,"_bbp_voice_count":0,"_bbp_anonymous_reply_count":0,"_bbp_topic_count_hidden":0,"_bbp_reply_count_hidden":0,"_bbp_forum_subforum_count":0,"footnotes":""},"categories":[10,11,71,1,2,4],"tags":[],"class_list":["post-6226","post","type-post","status-publish","format-standard","has-post-thumbnail","hentry","category-1r","category-2n","category-fotosdescola","category-general","category-infantil","category-portada"],"post_mailing_queue_ids":[],"_links":{"self":[{"href":"https:\/\/agora.xtec.cat\/escolagaudisabadell\/wp-json\/wp\/v2\/posts\/6226","targetHints":{"allow":["GET"]}}],"collection":[{"href":"https:\/\/agora.xtec.cat\/escolagaudisabadell\/wp-json\/wp\/v2\/posts"}],"about":[{"href":"https:\/\/agora.xtec.cat\/escolagaudisabadell\/wp-json\/wp\/v2\/types\/post"}],"author":[{"embeddable":true,"href":"https:\/\/agora.xtec.cat\/escolagaudisabadell\/wp-json\/wp\/v2\/users\/3"}],"replies":[{"embeddable":true,"href":"https:\/\/agora.xtec.cat\/escolagaudisabadell\/wp-json\/wp\/v2\/comments?post=6226"}],"version-history":[{"count":2,"href":"https:\/\/agora.xtec.cat\/escolagaudisabadell\/wp-json\/wp\/v2\/posts\/6226\/revisions"}],"predecessor-version":[{"id":6230,"href":"https:\/\/agora.xtec.cat\/escolagaudisabadell\/wp-json\/wp\/v2\/posts\/6226\/revisions\/6230"}],"wp:featuredmedia":[{"embeddable":true,"href":"https:\/\/agora.xtec.cat\/escolagaudisabadell\/wp-json\/wp\/v2\/media\/6227"}],"wp:attachment":[{"href":"https:\/\/agora.xtec.cat\/escolagaudisabadell\/wp-json\/wp\/v2\/media?parent=6226"}],"wp:term":[{"taxonomy":"category","embeddable":true,"href":"https:\/\/agora.xtec.cat\/escolagaudisabadell\/wp-json\/wp\/v2\/categories?post=6226"},{"taxonomy":"post_tag","embeddable":true,"href":"https:\/\/agora.xtec.cat\/escolagaudisabadell\/wp-json\/wp\/v2\/tags?post=6226"}],"curies":[{"name":"wp","href":"https:\/\/api.w.org\/{rel}","templated":true}]}}