{"id":6203,"date":"2023-03-31T16:31:08","date_gmt":"2023-03-31T14:31:08","guid":{"rendered":"https:\/\/agora.xtec.cat\/escolagaudisabadell\/?p=6203"},"modified":"2023-03-31T16:31:08","modified_gmt":"2023-03-31T14:31:08","slug":"fem-la-mona-de-pasqua","status":"publish","type":"post","link":"https:\/\/agora.xtec.cat\/escolagaudisabadell\/portada\/fem-la-mona-de-pasqua\/","title":{"rendered":"Fem la Mona de Pasqua!"},"content":{"rendered":"<p>Els i les alumnes de Tercer hem realitzat avui una activitat molt dol\u00e7a! Hem preparat la nostra Mona de Pasqua. Despr\u00e9s les hem compartit amb la resta de l&#8217;escola i les hem menjat al pati per esmorzar. Ummm!! Bon\u00edssimes!<\/p>\n<p>Cliqueu a la imatge per veure m\u00e9s fotos.<\/p>\n<p><a href=\"https:\/\/photos.app.goo.gl\/dMwDAoCAzDyPAR189\"><img loading=\"lazy\" decoding=\"async\" class=\"wp-image-6204 aligncenter\" src=\"https:\/\/agora.xtec.cat\/escolagaudisabadell\/wp-content\/uploads\/usu1563\/2023\/03\/portada-1.png\" alt=\"\" width=\"323\" height=\"242\" srcset=\"https:\/\/agora.xtec.cat\/escolagaudisabadell\/wp-content\/uploads\/usu1563\/2023\/03\/portada-1.png 1027w, https:\/\/agora.xtec.cat\/escolagaudisabadell\/wp-content\/uploads\/usu1563\/2023\/03\/portada-1-300x225.png 300w, https:\/\/agora.xtec.cat\/escolagaudisabadell\/wp-content\/uploads\/usu1563\/2023\/03\/portada-1-1024x768.png 1024w, https:\/\/agora.xtec.cat\/escolagaudisabadell\/wp-content\/uploads\/usu1563\/2023\/03\/portada-1-768x576.png 768w, https:\/\/agora.xtec.cat\/escolagaudisabadell\/wp-content\/uploads\/usu1563\/2023\/03\/portada-1-200x150.png 200w\" sizes=\"auto, (max-width: 323px) 100vw, 323px\" \/><\/a><\/p>\n<p>&nbsp;<\/p>\n","protected":false},"excerpt":{"rendered":"<p>Els i les alumnes de Tercer hem realitzat avui una activitat molt dol\u00e7a! Hem preparat la nostra Mona de Pasqua. Despr\u00e9s les hem compartit amb la resta de l&#8217;escola i les hem menjat al pati per esmorzar. Ummm!! Bon\u00edssimes!<br \/>\nCliqueu a la imatge per veure m\u00e9s&hellip;  <a href=\"https:\/\/agora.xtec.cat\/escolagaudisabadell\/portada\/fem-la-mona-de-pasqua\/\" title=\"Read Fem la Mona de Pasqua!\">Llegeix m\u00e9s\u00bb<\/a><\/p>\n","protected":false},"author":1,"featured_media":0,"comment_status":"open","ping_status":"closed","sticky":false,"template":"","format":"standard","meta":{"_bbp_topic_count":0,"_bbp_reply_count":0,"_bbp_total_topic_count":0,"_bbp_total_reply_count":0,"_bbp_voice_count":0,"_bbp_anonymous_reply_count":0,"_bbp_topic_count_hidden":0,"_bbp_reply_count_hidden":0,"_bbp_forum_subforum_count":0,"footnotes":""},"categories":[12,4],"tags":[],"class_list":["post-6203","post","type-post","status-publish","format-standard","hentry","category-3r","category-portada"],"post_mailing_queue_ids":[],"_links":{"self":[{"href":"https:\/\/agora.xtec.cat\/escolagaudisabadell\/wp-json\/wp\/v2\/posts\/6203","targetHints":{"allow":["GET"]}}],"collection":[{"href":"https:\/\/agora.xtec.cat\/escolagaudisabadell\/wp-json\/wp\/v2\/posts"}],"about":[{"href":"https:\/\/agora.xtec.cat\/escolagaudisabadell\/wp-json\/wp\/v2\/types\/post"}],"author":[{"embeddable":true,"href":"https:\/\/agora.xtec.cat\/escolagaudisabadell\/wp-json\/wp\/v2\/users\/1"}],"replies":[{"embeddable":true,"href":"https:\/\/agora.xtec.cat\/escolagaudisabadell\/wp-json\/wp\/v2\/comments?post=6203"}],"version-history":[{"count":1,"href":"https:\/\/agora.xtec.cat\/escolagaudisabadell\/wp-json\/wp\/v2\/posts\/6203\/revisions"}],"predecessor-version":[{"id":6205,"href":"https:\/\/agora.xtec.cat\/escolagaudisabadell\/wp-json\/wp\/v2\/posts\/6203\/revisions\/6205"}],"wp:attachment":[{"href":"https:\/\/agora.xtec.cat\/escolagaudisabadell\/wp-json\/wp\/v2\/media?parent=6203"}],"wp:term":[{"taxonomy":"category","embeddable":true,"href":"https:\/\/agora.xtec.cat\/escolagaudisabadell\/wp-json\/wp\/v2\/categories?post=6203"},{"taxonomy":"post_tag","embeddable":true,"href":"https:\/\/agora.xtec.cat\/escolagaudisabadell\/wp-json\/wp\/v2\/tags?post=6203"}],"curies":[{"name":"wp","href":"https:\/\/api.w.org\/{rel}","templated":true}]}}