{"id":6168,"date":"2023-03-14T14:48:30","date_gmt":"2023-03-14T13:48:30","guid":{"rendered":"https:\/\/agora.xtec.cat\/escolagaudisabadell\/?p=6168"},"modified":"2023-03-14T14:48:30","modified_gmt":"2023-03-14T13:48:30","slug":"matematica-manipulativa","status":"publish","type":"post","link":"https:\/\/agora.xtec.cat\/escolagaudisabadell\/portada\/matematica-manipulativa\/","title":{"rendered":"Matem\u00e0tica manipulativa"},"content":{"rendered":"<p>Els i les alumnes de tercer treballen un cop a la setmana la matem\u00e0tica de manera manipulativa. Aqu\u00ed teniu una mostra. Cliqueu a la imatge per veure m\u00e9s fotografies.<\/p>\n<p><a href=\"https:\/\/photos.app.goo.gl\/sAyCprq719vvmLATA\"><img loading=\"lazy\" decoding=\"async\" class=\"wp-image-6169 aligncenter\" src=\"https:\/\/agora.xtec.cat\/escolagaudisabadell\/wp-content\/uploads\/usu1563\/2023\/03\/portada-6.jpg\" alt=\"\" width=\"329\" height=\"248\" srcset=\"https:\/\/agora.xtec.cat\/escolagaudisabadell\/wp-content\/uploads\/usu1563\/2023\/03\/portada-6.jpg 1027w, https:\/\/agora.xtec.cat\/escolagaudisabadell\/wp-content\/uploads\/usu1563\/2023\/03\/portada-6-300x226.jpg 300w, https:\/\/agora.xtec.cat\/escolagaudisabadell\/wp-content\/uploads\/usu1563\/2023\/03\/portada-6-1024x771.jpg 1024w, https:\/\/agora.xtec.cat\/escolagaudisabadell\/wp-content\/uploads\/usu1563\/2023\/03\/portada-6-768x578.jpg 768w, https:\/\/agora.xtec.cat\/escolagaudisabadell\/wp-content\/uploads\/usu1563\/2023\/03\/portada-6-200x150.jpg 200w\" sizes=\"auto, (max-width: 329px) 100vw, 329px\" \/><\/a><\/p>\n","protected":false},"excerpt":{"rendered":"<p>Els i les alumnes de tercer treballen un cop a la setmana la matem\u00e0tica de manera manipulativa. Aqu\u00ed teniu una mostra. Cliqueu a la imatge per veure m\u00e9s fotografies.<br \/>\n<a href=\"https:\/\/photos.app.goo.gl\/sAyCprq719vvmLATA\"><\/a><\/p>\n","protected":false},"author":1,"featured_media":0,"comment_status":"open","ping_status":"closed","sticky":false,"template":"","format":"standard","meta":{"_bbp_topic_count":0,"_bbp_reply_count":0,"_bbp_total_topic_count":0,"_bbp_total_reply_count":0,"_bbp_voice_count":0,"_bbp_anonymous_reply_count":0,"_bbp_topic_count_hidden":0,"_bbp_reply_count_hidden":0,"_bbp_forum_subforum_count":0,"footnotes":""},"categories":[12,4],"tags":[],"class_list":["post-6168","post","type-post","status-publish","format-standard","hentry","category-3r","category-portada"],"post_mailing_queue_ids":[],"_links":{"self":[{"href":"https:\/\/agora.xtec.cat\/escolagaudisabadell\/wp-json\/wp\/v2\/posts\/6168","targetHints":{"allow":["GET"]}}],"collection":[{"href":"https:\/\/agora.xtec.cat\/escolagaudisabadell\/wp-json\/wp\/v2\/posts"}],"about":[{"href":"https:\/\/agora.xtec.cat\/escolagaudisabadell\/wp-json\/wp\/v2\/types\/post"}],"author":[{"embeddable":true,"href":"https:\/\/agora.xtec.cat\/escolagaudisabadell\/wp-json\/wp\/v2\/users\/1"}],"replies":[{"embeddable":true,"href":"https:\/\/agora.xtec.cat\/escolagaudisabadell\/wp-json\/wp\/v2\/comments?post=6168"}],"version-history":[{"count":1,"href":"https:\/\/agora.xtec.cat\/escolagaudisabadell\/wp-json\/wp\/v2\/posts\/6168\/revisions"}],"predecessor-version":[{"id":6170,"href":"https:\/\/agora.xtec.cat\/escolagaudisabadell\/wp-json\/wp\/v2\/posts\/6168\/revisions\/6170"}],"wp:attachment":[{"href":"https:\/\/agora.xtec.cat\/escolagaudisabadell\/wp-json\/wp\/v2\/media?parent=6168"}],"wp:term":[{"taxonomy":"category","embeddable":true,"href":"https:\/\/agora.xtec.cat\/escolagaudisabadell\/wp-json\/wp\/v2\/categories?post=6168"},{"taxonomy":"post_tag","embeddable":true,"href":"https:\/\/agora.xtec.cat\/escolagaudisabadell\/wp-json\/wp\/v2\/tags?post=6168"}],"curies":[{"name":"wp","href":"https:\/\/api.w.org\/{rel}","templated":true}]}}