{"id":6129,"date":"2023-03-07T12:28:22","date_gmt":"2023-03-07T11:28:22","guid":{"rendered":"https:\/\/agora.xtec.cat\/escolagaudisabadell\/?p=6129"},"modified":"2023-03-07T12:34:58","modified_gmt":"2023-03-07T11:34:58","slug":"toca-toca-els-animals","status":"publish","type":"post","link":"https:\/\/agora.xtec.cat\/escolagaudisabadell\/portada\/toca-toca-els-animals\/","title":{"rendered":"&#8220;Toca, toca els animals!&#8221;"},"content":{"rendered":"<p>Ahir dia 6 de mar\u00e7 els nens i les nenes de quart van fer una activitat molt especial. Van rebre la visita d&#8217;uns animalons molt simp\u00e0tics. Van poder veure&#8217;ls de prop i tocar-los. Mireu, mireu quines cares m\u00e9s divertides! S&#8217;ho van passar d&#8217;all\u00f2 m\u00e9s b\u00e9.<\/p>\n<p style=\"text-align: center\">Cliqueu a la imatge per veure m\u00e9s fotos.<\/p>\n<p><a href=\"https:\/\/photos.app.goo.gl\/hUtNeE7xXpqfLVsc8\"><img loading=\"lazy\" decoding=\"async\" class=\"wp-image-6130 aligncenter\" src=\"https:\/\/agora.xtec.cat\/escolagaudisabadell\/wp-content\/uploads\/usu1563\/2023\/03\/Portada-1.jpg\" alt=\"\" width=\"373\" height=\"210\" srcset=\"https:\/\/agora.xtec.cat\/escolagaudisabadell\/wp-content\/uploads\/usu1563\/2023\/03\/Portada-1.jpg 1024w, https:\/\/agora.xtec.cat\/escolagaudisabadell\/wp-content\/uploads\/usu1563\/2023\/03\/Portada-1-300x169.jpg 300w, https:\/\/agora.xtec.cat\/escolagaudisabadell\/wp-content\/uploads\/usu1563\/2023\/03\/Portada-1-768x432.jpg 768w\" sizes=\"auto, (max-width: 373px) 100vw, 373px\" \/><\/a><\/p>\n","protected":false},"excerpt":{"rendered":"<p>Ahir dia 6 de mar\u00e7 els nens i les nenes de quart van fer una activitat molt especial. Van rebre la visita d&#8217;uns animalons molt simp\u00e0tics. Van poder veure&#8217;ls de prop i tocar-los. Mireu, mireu quines cares m\u00e9s divertides! S&#8217;ho van passar d&#8217;all\u00f2 m\u00e9s b\u00e9.<br \/>\nCliqueu&hellip;  <a href=\"https:\/\/agora.xtec.cat\/escolagaudisabadell\/portada\/toca-toca-els-animals\/\" title=\"Read &#8220;Toca, toca els animals!&#8221;\">Llegeix m\u00e9s\u00bb<\/a><\/p>\n","protected":false},"author":1,"featured_media":0,"comment_status":"open","ping_status":"closed","sticky":false,"template":"","format":"standard","meta":{"_bbp_topic_count":0,"_bbp_reply_count":0,"_bbp_total_topic_count":0,"_bbp_total_reply_count":0,"_bbp_voice_count":0,"_bbp_anonymous_reply_count":0,"_bbp_topic_count_hidden":0,"_bbp_reply_count_hidden":0,"_bbp_forum_subforum_count":0,"footnotes":""},"categories":[13,4],"tags":[],"class_list":["post-6129","post","type-post","status-publish","format-standard","hentry","category-4t","category-portada"],"post_mailing_queue_ids":[],"_links":{"self":[{"href":"https:\/\/agora.xtec.cat\/escolagaudisabadell\/wp-json\/wp\/v2\/posts\/6129","targetHints":{"allow":["GET"]}}],"collection":[{"href":"https:\/\/agora.xtec.cat\/escolagaudisabadell\/wp-json\/wp\/v2\/posts"}],"about":[{"href":"https:\/\/agora.xtec.cat\/escolagaudisabadell\/wp-json\/wp\/v2\/types\/post"}],"author":[{"embeddable":true,"href":"https:\/\/agora.xtec.cat\/escolagaudisabadell\/wp-json\/wp\/v2\/users\/1"}],"replies":[{"embeddable":true,"href":"https:\/\/agora.xtec.cat\/escolagaudisabadell\/wp-json\/wp\/v2\/comments?post=6129"}],"version-history":[{"count":3,"href":"https:\/\/agora.xtec.cat\/escolagaudisabadell\/wp-json\/wp\/v2\/posts\/6129\/revisions"}],"predecessor-version":[{"id":6133,"href":"https:\/\/agora.xtec.cat\/escolagaudisabadell\/wp-json\/wp\/v2\/posts\/6129\/revisions\/6133"}],"wp:attachment":[{"href":"https:\/\/agora.xtec.cat\/escolagaudisabadell\/wp-json\/wp\/v2\/media?parent=6129"}],"wp:term":[{"taxonomy":"category","embeddable":true,"href":"https:\/\/agora.xtec.cat\/escolagaudisabadell\/wp-json\/wp\/v2\/categories?post=6129"},{"taxonomy":"post_tag","embeddable":true,"href":"https:\/\/agora.xtec.cat\/escolagaudisabadell\/wp-json\/wp\/v2\/tags?post=6129"}],"curies":[{"name":"wp","href":"https:\/\/api.w.org\/{rel}","templated":true}]}}