{"id":6098,"date":"2023-03-03T15:34:29","date_gmt":"2023-03-03T14:34:29","guid":{"rendered":"https:\/\/agora.xtec.cat\/escolagaudisabadell\/?p=6098"},"modified":"2023-03-03T15:34:29","modified_gmt":"2023-03-03T14:34:29","slug":"visita-al-caprabo","status":"publish","type":"post","link":"https:\/\/agora.xtec.cat\/escolagaudisabadell\/primaria\/5e\/visita-al-caprabo\/","title":{"rendered":"Visita al Caprabo"},"content":{"rendered":"<p>El dia 26 de gener els nens i nenes de cinqu\u00e8 van visitar el supermercat Caprabo. Van aprendre la import\u00e0ncia d&#8217;una alimentaci\u00f3 saludable i van fer una compra fict\u00edcia\u00a0 de menjar saludable per despr\u00e9s col\u00b7locar-la a la pir\u00e0mide dels aliments. Podeu clicar la imatge per veure m\u00e9s fotografies.<a href=\"https:\/\/photos.app.goo.gl\/sx3GAcaHSMpUF2d4A\"><img loading=\"lazy\" decoding=\"async\" class=\"wp-image-6099 aligncenter\" src=\"https:\/\/agora.xtec.cat\/escolagaudisabadell\/wp-content\/uploads\/usu1563\/2023\/03\/IMG20230126101538-scaled.jpg\" alt=\"\" width=\"236\" height=\"315\" srcset=\"https:\/\/agora.xtec.cat\/escolagaudisabadell\/wp-content\/uploads\/usu1563\/2023\/03\/IMG20230126101538-scaled.jpg 1920w, https:\/\/agora.xtec.cat\/escolagaudisabadell\/wp-content\/uploads\/usu1563\/2023\/03\/IMG20230126101538-225x300.jpg 225w, https:\/\/agora.xtec.cat\/escolagaudisabadell\/wp-content\/uploads\/usu1563\/2023\/03\/IMG20230126101538-768x1024.jpg 768w, https:\/\/agora.xtec.cat\/escolagaudisabadell\/wp-content\/uploads\/usu1563\/2023\/03\/IMG20230126101538-1152x1536.jpg 1152w, https:\/\/agora.xtec.cat\/escolagaudisabadell\/wp-content\/uploads\/usu1563\/2023\/03\/IMG20230126101538-1536x2048.jpg 1536w\" sizes=\"auto, (max-width: 236px) 100vw, 236px\" \/><\/a><\/p>\n","protected":false},"excerpt":{"rendered":"<p>El dia 26 de gener els nens i nenes de cinqu\u00e8 van visitar el supermercat Caprabo. Van aprendre la import\u00e0ncia d&#8217;una alimentaci\u00f3 saludable i van fer una compra fict\u00edcia\u00a0 de menjar saludable per despr\u00e9s col\u00b7locar-la a la pir\u00e0mide dels aliments. Podeu clicar la imatge per&hellip;  <a href=\"https:\/\/agora.xtec.cat\/escolagaudisabadell\/primaria\/5e\/visita-al-caprabo\/\" title=\"Read Visita al Caprabo\">Llegeix m\u00e9s\u00bb<\/a><\/p>\n","protected":false},"author":1,"featured_media":0,"comment_status":"open","ping_status":"closed","sticky":false,"template":"","format":"standard","meta":{"_bbp_topic_count":0,"_bbp_reply_count":0,"_bbp_total_topic_count":0,"_bbp_total_reply_count":0,"_bbp_voice_count":0,"_bbp_anonymous_reply_count":0,"_bbp_topic_count_hidden":0,"_bbp_reply_count_hidden":0,"_bbp_forum_subforum_count":0,"footnotes":""},"categories":[14],"tags":[],"class_list":["post-6098","post","type-post","status-publish","format-standard","hentry","category-5e"],"post_mailing_queue_ids":[],"_links":{"self":[{"href":"https:\/\/agora.xtec.cat\/escolagaudisabadell\/wp-json\/wp\/v2\/posts\/6098","targetHints":{"allow":["GET"]}}],"collection":[{"href":"https:\/\/agora.xtec.cat\/escolagaudisabadell\/wp-json\/wp\/v2\/posts"}],"about":[{"href":"https:\/\/agora.xtec.cat\/escolagaudisabadell\/wp-json\/wp\/v2\/types\/post"}],"author":[{"embeddable":true,"href":"https:\/\/agora.xtec.cat\/escolagaudisabadell\/wp-json\/wp\/v2\/users\/1"}],"replies":[{"embeddable":true,"href":"https:\/\/agora.xtec.cat\/escolagaudisabadell\/wp-json\/wp\/v2\/comments?post=6098"}],"version-history":[{"count":1,"href":"https:\/\/agora.xtec.cat\/escolagaudisabadell\/wp-json\/wp\/v2\/posts\/6098\/revisions"}],"predecessor-version":[{"id":6100,"href":"https:\/\/agora.xtec.cat\/escolagaudisabadell\/wp-json\/wp\/v2\/posts\/6098\/revisions\/6100"}],"wp:attachment":[{"href":"https:\/\/agora.xtec.cat\/escolagaudisabadell\/wp-json\/wp\/v2\/media?parent=6098"}],"wp:term":[{"taxonomy":"category","embeddable":true,"href":"https:\/\/agora.xtec.cat\/escolagaudisabadell\/wp-json\/wp\/v2\/categories?post=6098"},{"taxonomy":"post_tag","embeddable":true,"href":"https:\/\/agora.xtec.cat\/escolagaudisabadell\/wp-json\/wp\/v2\/tags?post=6098"}],"curies":[{"name":"wp","href":"https:\/\/api.w.org\/{rel}","templated":true}]}}