{"id":6069,"date":"2023-05-09T10:00:34","date_gmt":"2023-05-09T08:00:34","guid":{"rendered":"https:\/\/agora.xtec.cat\/escolagaudisabadell\/?p=6069"},"modified":"2023-10-11T17:14:27","modified_gmt":"2023-10-11T15:14:27","slug":"preinscripcio-2023-2024","status":"publish","type":"post","link":"https:\/\/agora.xtec.cat\/escolagaudisabadell\/general\/preinscripcio-2023-2024\/","title":{"rendered":"PREINSCRIPCI\u00d3 2023-2024 &#8211; LLISTES AMB PUNTUACI\u00d3 PROVISIONAL 21.04.23 i PER\u00cdODE DE RECLAMACIONS"},"content":{"rendered":"<p style=\"text-align: center;\"><img loading=\"lazy\" decoding=\"async\" class=\"alignnone wp-image-6071\" src=\"https:\/\/agora.xtec.cat\/escolagaudisabadell\/wp-content\/uploads\/usu1563\/2023\/03\/Preinscripcio-23-24.png\" alt=\"\" width=\"427\" height=\"229\" srcset=\"https:\/\/agora.xtec.cat\/escolagaudisabadell\/wp-content\/uploads\/usu1563\/2023\/03\/Preinscripcio-23-24.png 756w, https:\/\/agora.xtec.cat\/escolagaudisabadell\/wp-content\/uploads\/usu1563\/2023\/03\/Preinscripcio-23-24-300x161.png 300w\" sizes=\"auto, (max-width: 427px) 100vw, 427px\" \/><\/p>\n<p>Benvolgudes fam\u00edlies,<\/p>\n<p>Avui dia 11 de maig podeu consultar el \u201c<b>barem definitiu de les preinscripcions<\/b>\u201d.<\/p>\n<p><strong>Aqu\u00ed podeu consultar la llista<\/strong> per INICIALS DE NOM +1r COGNOM + 2n COGNOM:<span style=\"text-decoration: underline;\"> <a href=\"https:\/\/agora.xtec.cat\/escolagaudisabadell\/wp-content\/uploads\/usu1563\/2023\/04\/INFORME_BAREM_PROVISIONAL_PUNTS_ESCOLA_GAUDI.pdf\">INFORME_BAREM_PROVISIONAL_PUNTS_ESCOLA_GAUDI<\/a><\/span><\/p>\n<p>O tamb\u00e9 podeu accedir a la <strong>consulta individual<\/strong>, accedint a <u><a title=\"https:\/\/preinscripcio.gencat.cat\/ca\/estudis\/primaria\/preinscriute\/seguiment-sollicitud\/llista-sollicituds-puntuacio\/\" href=\"https:\/\/preinscripcio.gencat.cat\/ca\/estudis\/primaria\/preinscriute\/seguiment-sollicitud\/llista-sollicituds-puntuacio\/\" target=\"_blank\" rel=\"noreferrer noopener\" data-saferedirecturl=\"https:\/\/www.google.com\/url?q=https:\/\/preinscripcio.gencat.cat\/ca\/estudis\/primaria\/preinscriute\/seguiment-sollicitud\/llista-sollicituds-puntuacio\/&amp;source=gmail&amp;ust=1682151313726000&amp;usg=AOvVaw0BibGgx10CPp_EfNMimdRf\">Consulta la llista de sol\u00b7licituds amb la puntuaci\u00f3 provisional<\/a><\/u>, amb el DNI, NIE o passaport de la persona que va presentar la sol\u00b7licitud i el seu codi, a la web <a href=\"http:\/\/preinscripcio.gencat.cat\" target=\"_blank\" rel=\"noopener\" data-saferedirecturl=\"https:\/\/www.google.com\/url?q=http:\/\/preinscripcio.gencat.cat&amp;source=gmail&amp;ust=1682151313726000&amp;usg=AOvVaw0E3JoJpPROaYcjDiGhnXSo\">preinscripcio.gencat.cat<\/a>.<\/p>\n<p>Recordeu que, tamb\u00e9, a partir d\u2019avui es poden <strong>presentar reclamacions<\/strong>. Es pot fer des de la mateixa consulta individual o des de l\u2019opci\u00f3 \u201cFes el seguiment de la teva sol\u00b7licitud\u201d de la web <a href=\"http:\/\/preinscripcio.gencat.cat\" target=\"_blank\" rel=\"noopener\" data-saferedirecturl=\"https:\/\/www.google.com\/url?q=http:\/\/preinscripcio.gencat.cat&amp;source=gmail&amp;ust=1682151313726000&amp;usg=AOvVaw0E3JoJpPROaYcjDiGhnXSo\">preinscripcio.gencat.cat<\/a>. A m\u00e9s, teniu a la vostra disposici\u00f3 aquest v\u00eddeo tutorial <u><a title=\"https:\/\/preinscripcio.gencat.cat\/ca\/estudis\/primaria\/ajuda\/pindoles-multimedia\/\" href=\"https:\/\/preinscripcio.gencat.cat\/ca\/estudis\/primaria\/ajuda\/pindoles-multimedia\/\" target=\"_blank\" rel=\"noreferrer noopener\" data-saferedirecturl=\"https:\/\/www.google.com\/url?q=https:\/\/preinscripcio.gencat.cat\/ca\/estudis\/primaria\/ajuda\/pindoles-multimedia\/&amp;source=gmail&amp;ust=1682151313726000&amp;usg=AOvVaw2kprTCMLIjbQLl1pitLmIZ\">Com presentar una reclamaci\u00f3 contra la llista amb la puntuaci\u00f3 provisional<\/a><\/u>.<\/p>\n<p>DATES PREINSCRIPCI\u00d3: <strong>del 6 al 20 de mar\u00e7 de 2023<\/strong><\/p>\n<p>DATES MATR\u00cdCULA:\u00a0 \u00a0 \u00a0 \u00a0 \u00a0<strong>del 20 al 28 de juny de 2023<\/strong><\/p>\n<p>Tamb\u00e9 trobareu tota la informaci\u00f3 de la\u00a0<strong>preinscripci\u00f3<\/strong>\u00a0al nou portal\u00a0<strong><a href=\"https:\/\/preinscripcio.gencat.cat\/ca\/estudis\/infantil-3-6\/inici\/\" target=\"_blank\" rel=\"noopener noreferrer\" data-saferedirecturl=\"https:\/\/www.google.com\/url?q=https:\/\/preinscripcio.gencat.cat\/ca\/inici\/&amp;source=gmail&amp;ust=1613812448910000&amp;usg=AFQjCNFm0HUF3fUV3IoccUioiM016uhuqg\">preinscripcio.gencat.cat.<\/a><\/strong><\/p>\n<p><a href=\"https:\/\/preinscripcio.gencat.cat\/ca\/estudis\/infantil-3-6\/informat\/calendari\/\" target=\"_blank\" rel=\"noopener\">CALENDARI PREINSCRIPCI\u00d3<\/a><\/p>\n<p><a href=\"https:\/\/preinscripcio.gencat.cat\/ca\/estudis\/infantil-3-6\/informat\/criteris-assignacio\/\" target=\"_blank\" rel=\"noopener\">CRITERIS D&#8217;ASSIGNACI\u00d3 DE PLA\u00c7A<\/a><\/p>\n<p><a href=\"https:\/\/preinscripcio.gencat.cat\/ca\/estudis\/infantil-3-6\/informat\/busca-centre\/\" target=\"_blank\" rel=\"noopener\">BUSCA ESCOLA O CENTRE EDUCATIU<\/a><\/p>\n<p><a href=\"https:\/\/preinscripcio.gencat.cat\/ca\/estudis\/infantil-3-6\/informat\/prepara-documentacio\/\" target=\"_blank\" rel=\"noopener\">PREPARA LA DOCUMENTACI\u00d3 NECESS\u00c0RIA<\/a><\/p>\n<p><a href=\"https:\/\/agora.xtec.cat\/escolagaudisabadell\/wp-content\/uploads\/usu1563\/2023\/05\/INFORME_BAREM_DEFINITIU_BAREM.pdf\">INFORME BAREM DEFINITIU BAREM<\/a><\/p>\n<p><a href=\"https:\/\/agora.xtec.cat\/escolagaudisabadell\/wp-content\/uploads\/usu1563\/2023\/05\/INFORME_ASSIGNADES_INFORME_ASSIGNADES.pdf\">INFORME ASSIGNATS AL CENTRE<\/a><\/p>\n<p><a href=\"https:\/\/agora.xtec.cat\/escolagaudisabadell\/wp-content\/uploads\/usu1563\/2023\/05\/INFORME_LLISTA_ESPERA_OME_LLISTA_ESPERA.pdf\">INFORME LLISTA ESPERA OME<\/a><\/p>\n<p>&nbsp;<\/p>\n","protected":false},"excerpt":{"rendered":"<p>Benvolgudes fam\u00edlies,<br \/>\nAvui dia 11 de maig podeu consultar el \u201cbarem definitiu de les preinscripcions\u201d.<br \/>\nAqu\u00ed podeu consultar la llista per INICIALS DE NOM +1r COGNOM + 2n COGNOM: <a href=\"https:\/\/agora.xtec.cat\/escolagaudisabadell\/wp-content\/uploads\/usu1563\/2023\/04\/INFORME_BAREM_PROVISIONAL_PUNTS_ESCOLA_GAUDI.pdf\">INFORME_BAREM_PROVISIONAL_PUNTS_ESCOLA_GAUDI<\/a><br \/>\nO tamb\u00e9 podeu accedir a la consulta individual, accedint a <a title=\"https:\/\/preinscripcio.gencat.cat\/ca\/estudis\/primaria\/preinscriute\/seguiment-sollicitud\/llista-sollicituds-puntuacio\/\" href=\"https:\/\/preinscripcio.gencat.cat\/ca\/estudis\/primaria\/preinscriute\/seguiment-sollicitud\/llista-sollicituds-puntuacio\/\" target=\"_blank\" rel=\"noreferrer noopener\" data-saferedirecturl=\"https:\/\/www.google.com\/url?q=https:\/\/preinscripcio.gencat.cat\/ca\/estudis\/primaria\/preinscriute\/seguiment-sollicitud\/llista-sollicituds-puntuacio\/&amp;source=gmail&amp;ust=1682151313726000&amp;usg=AOvVaw0BibGgx10CPp_EfNMimdRf\">Consulta&hellip;  <a href=\"https:\/\/agora.xtec.cat\/escolagaudisabadell\/general\/preinscripcio-2023-2024\/\" title=\"Read PREINSCRIPCI\u00d3 2023-2024 &#8211; LLISTES AMB PUNTUACI\u00d3 PROVISIONAL 21.04.23 i PER\u00cdODE DE RECLAMACIONS\">Llegeix m\u00e9s\u00bb<\/a><\/p>\n","protected":false},"author":1,"featured_media":6071,"comment_status":"closed","ping_status":"closed","sticky":false,"template":"","format":"standard","meta":{"_bbp_topic_count":0,"_bbp_reply_count":0,"_bbp_total_topic_count":0,"_bbp_total_reply_count":0,"_bbp_voice_count":0,"_bbp_anonymous_reply_count":0,"_bbp_topic_count_hidden":0,"_bbp_reply_count_hidden":0,"_bbp_forum_subforum_count":0,"footnotes":""},"categories":[1,4],"tags":[],"class_list":["post-6069","post","type-post","status-publish","format-standard","has-post-thumbnail","hentry","category-general","category-portada"],"post_mailing_queue_ids":[],"_links":{"self":[{"href":"https:\/\/agora.xtec.cat\/escolagaudisabadell\/wp-json\/wp\/v2\/posts\/6069","targetHints":{"allow":["GET"]}}],"collection":[{"href":"https:\/\/agora.xtec.cat\/escolagaudisabadell\/wp-json\/wp\/v2\/posts"}],"about":[{"href":"https:\/\/agora.xtec.cat\/escolagaudisabadell\/wp-json\/wp\/v2\/types\/post"}],"author":[{"embeddable":true,"href":"https:\/\/agora.xtec.cat\/escolagaudisabadell\/wp-json\/wp\/v2\/users\/1"}],"replies":[{"embeddable":true,"href":"https:\/\/agora.xtec.cat\/escolagaudisabadell\/wp-json\/wp\/v2\/comments?post=6069"}],"version-history":[{"count":4,"href":"https:\/\/agora.xtec.cat\/escolagaudisabadell\/wp-json\/wp\/v2\/posts\/6069\/revisions"}],"predecessor-version":[{"id":6349,"href":"https:\/\/agora.xtec.cat\/escolagaudisabadell\/wp-json\/wp\/v2\/posts\/6069\/revisions\/6349"}],"wp:featuredmedia":[{"embeddable":true,"href":"https:\/\/agora.xtec.cat\/escolagaudisabadell\/wp-json\/wp\/v2\/media\/6071"}],"wp:attachment":[{"href":"https:\/\/agora.xtec.cat\/escolagaudisabadell\/wp-json\/wp\/v2\/media?parent=6069"}],"wp:term":[{"taxonomy":"category","embeddable":true,"href":"https:\/\/agora.xtec.cat\/escolagaudisabadell\/wp-json\/wp\/v2\/categories?post=6069"},{"taxonomy":"post_tag","embeddable":true,"href":"https:\/\/agora.xtec.cat\/escolagaudisabadell\/wp-json\/wp\/v2\/tags?post=6069"}],"curies":[{"name":"wp","href":"https:\/\/api.w.org\/{rel}","templated":true}]}}