{"id":5996,"date":"2023-02-18T18:44:22","date_gmt":"2023-02-18T17:44:22","guid":{"rendered":"https:\/\/agora.xtec.cat\/escolagaudisabadell\/?p=5996"},"modified":"2023-02-18T18:44:22","modified_gmt":"2023-02-18T17:44:22","slug":"ei-ci-trobada-literaria-febrer-16-02-23","status":"publish","type":"post","link":"https:\/\/agora.xtec.cat\/escolagaudisabadell\/general\/ei-ci-trobada-literaria-febrer-16-02-23\/","title":{"rendered":"EI-CI Trobada Liter\u00e0ria febrer 16 02 23"},"content":{"rendered":"<p>Com cada mes, l&#8217;alumnat d&#8217;educaci\u00f3 infantil i cicle inicial hem celebrat la Trobada Liter\u00e0ria. Aquesta vegada l&#8217;hem fet coincidir amb dijous gras. D&#8217;aquesta manera, primer hem compartit i recitat els refranys treballats a la classe i despr\u00e9s hem esmorzat tots junts al vest\u00edbul de l&#8217;escola. Hem gaudit d&#8217;un mat\u00ed ben am\u00e8 i agradable!<\/p>\n<p><a href=\"https:\/\/photos.app.goo.gl\/yXxy1Xwb6cMzPzaW9\"><img loading=\"lazy\" decoding=\"async\" class=\"size-large wp-image-5997 aligncenter\" src=\"https:\/\/agora.xtec.cat\/escolagaudisabadell\/wp-content\/uploads\/usu1563\/2023\/02\/IMG_20230216_093917-1024x576.jpg\" alt=\"\" width=\"1024\" height=\"576\" srcset=\"https:\/\/agora.xtec.cat\/escolagaudisabadell\/wp-content\/uploads\/usu1563\/2023\/02\/IMG_20230216_093917-1024x576.jpg 1024w, https:\/\/agora.xtec.cat\/escolagaudisabadell\/wp-content\/uploads\/usu1563\/2023\/02\/IMG_20230216_093917-300x169.jpg 300w, https:\/\/agora.xtec.cat\/escolagaudisabadell\/wp-content\/uploads\/usu1563\/2023\/02\/IMG_20230216_093917-768x432.jpg 768w, https:\/\/agora.xtec.cat\/escolagaudisabadell\/wp-content\/uploads\/usu1563\/2023\/02\/IMG_20230216_093917-1536x864.jpg 1536w, https:\/\/agora.xtec.cat\/escolagaudisabadell\/wp-content\/uploads\/usu1563\/2023\/02\/IMG_20230216_093917-2048x1152.jpg 2048w\" sizes=\"auto, (max-width: 1024px) 100vw, 1024px\" \/><\/a><\/p>\n","protected":false},"excerpt":{"rendered":"<p>Com cada mes, l&#8217;alumnat d&#8217;educaci\u00f3 infantil i cicle inicial hem celebrat la Trobada Liter\u00e0ria. Aquesta vegada l&#8217;hem fet coincidir amb dijous gras. D&#8217;aquesta manera, primer hem compartit i recitat els refranys treballats a la classe i despr\u00e9s hem esmorzat tots junts al vest\u00edbul de l&#8217;escola.&hellip;  <a href=\"https:\/\/agora.xtec.cat\/escolagaudisabadell\/general\/ei-ci-trobada-literaria-febrer-16-02-23\/\" title=\"Read EI-CI Trobada Liter\u00e0ria febrer 16 02 23\">Llegeix m\u00e9s\u00bb<\/a><\/p>\n","protected":false},"author":3,"featured_media":5997,"comment_status":"closed","ping_status":"closed","sticky":false,"template":"","format":"standard","meta":{"_bbp_topic_count":0,"_bbp_reply_count":0,"_bbp_total_topic_count":0,"_bbp_total_reply_count":0,"_bbp_voice_count":0,"_bbp_anonymous_reply_count":0,"_bbp_topic_count_hidden":0,"_bbp_reply_count_hidden":0,"_bbp_forum_subforum_count":0,"footnotes":""},"categories":[10,11,71,1,2,4],"tags":[],"class_list":["post-5996","post","type-post","status-publish","format-standard","has-post-thumbnail","hentry","category-1r","category-2n","category-fotosdescola","category-general","category-infantil","category-portada"],"post_mailing_queue_ids":[],"_links":{"self":[{"href":"https:\/\/agora.xtec.cat\/escolagaudisabadell\/wp-json\/wp\/v2\/posts\/5996","targetHints":{"allow":["GET"]}}],"collection":[{"href":"https:\/\/agora.xtec.cat\/escolagaudisabadell\/wp-json\/wp\/v2\/posts"}],"about":[{"href":"https:\/\/agora.xtec.cat\/escolagaudisabadell\/wp-json\/wp\/v2\/types\/post"}],"author":[{"embeddable":true,"href":"https:\/\/agora.xtec.cat\/escolagaudisabadell\/wp-json\/wp\/v2\/users\/3"}],"replies":[{"embeddable":true,"href":"https:\/\/agora.xtec.cat\/escolagaudisabadell\/wp-json\/wp\/v2\/comments?post=5996"}],"version-history":[{"count":2,"href":"https:\/\/agora.xtec.cat\/escolagaudisabadell\/wp-json\/wp\/v2\/posts\/5996\/revisions"}],"predecessor-version":[{"id":5999,"href":"https:\/\/agora.xtec.cat\/escolagaudisabadell\/wp-json\/wp\/v2\/posts\/5996\/revisions\/5999"}],"wp:featuredmedia":[{"embeddable":true,"href":"https:\/\/agora.xtec.cat\/escolagaudisabadell\/wp-json\/wp\/v2\/media\/5997"}],"wp:attachment":[{"href":"https:\/\/agora.xtec.cat\/escolagaudisabadell\/wp-json\/wp\/v2\/media?parent=5996"}],"wp:term":[{"taxonomy":"category","embeddable":true,"href":"https:\/\/agora.xtec.cat\/escolagaudisabadell\/wp-json\/wp\/v2\/categories?post=5996"},{"taxonomy":"post_tag","embeddable":true,"href":"https:\/\/agora.xtec.cat\/escolagaudisabadell\/wp-json\/wp\/v2\/tags?post=5996"}],"curies":[{"name":"wp","href":"https:\/\/api.w.org\/{rel}","templated":true}]}}