{"id":5989,"date":"2024-06-10T15:01:54","date_gmt":"2024-06-10T13:01:54","guid":{"rendered":"https:\/\/agora.xtec.cat\/escolagaudisabadell\/?p=5989"},"modified":"2024-10-31T13:50:46","modified_gmt":"2024-10-31T12:50:46","slug":"portes-obertes-curs-2023-2024","status":"publish","type":"post","link":"https:\/\/agora.xtec.cat\/escolagaudisabadell\/general\/portes-obertes-curs-2023-2024\/","title":{"rendered":"CALENDARI PREINSCRIPCI\u00d3 I OFERTA PLACES CURS 2024-2025"},"content":{"rendered":"<p style=\"text-align: center;\">RECLAMAR (si no esteu d&#8217;acord, heu de reclamar de l&#8217;11 al 13 de juny)<\/p>\n<p style=\"text-align: center;\"><a href=\"https:\/\/agora.xtec.cat\/escolagaudisabadell\/wp-content\/uploads\/usu1563\/2024\/06\/Reclamar-les-assignacions.pdf\">Reclamar les assignacions<\/a><\/p>\n<p>&nbsp;<\/p>\n<p style=\"text-align: center;\">LLISTES ADMESOS, LLISTES ESPERA I LLISTES PREINSCRITS I ESCOLA ASSIGNADA (10\/06\/2024):<\/p>\n<p style=\"text-align: center;\"><a href=\"https:\/\/agora.xtec.cat\/escolagaudisabadell\/wp-content\/uploads\/usu1563\/2024\/05\/Alumnes-Assignats.pdf\">Alumnes Assignats<\/a><\/p>\n<p style=\"text-align: center;\"><a href=\"https:\/\/agora.xtec.cat\/escolagaudisabadell\/wp-content\/uploads\/usu1563\/2024\/05\/Alumnes-en-Llista-dEspera.pdf\">Alumnes en Llista d&#8217;Espera<\/a><\/p>\n<p style=\"text-align: center;\"><a href=\"https:\/\/agora.xtec.cat\/escolagaudisabadell\/wp-content\/uploads\/usu1563\/2024\/05\/Alumnes-Preinscrits-i-Centre-Assignat.pdf\">Alumnes Preinscrits i Centre Assignat<\/a><\/p>\n<p>&nbsp;<\/p>\n<p style=\"text-align: center;\">ACC\u00c9S A LLISTES DEFINITIVA DE BAREM (PUNTS) Publicaci\u00f3 02\/05\/2024:<\/p>\n<p style=\"text-align: center;\"><a href=\"https:\/\/agora.xtec.cat\/escolagaudisabadell\/wp-content\/uploads\/usu1563\/2024\/04\/INFORME_BAREM_DEFINITIU_BAREM.pdf\">INFORME_BAREM_DEFINITIU_BAREM<\/a><\/p>\n<p>&nbsp;<\/p>\n<p style=\"text-align: center;\"><img loading=\"lazy\" decoding=\"async\" class=\"size-full wp-image-7240 aligncenter\" src=\"https:\/\/agora.xtec.cat\/escolagaudisabadell\/wp-content\/uploads\/usu1563\/2024\/04\/No-desempat-24-25.jpg\" alt=\"\" width=\"673\" height=\"236\" srcset=\"https:\/\/agora.xtec.cat\/escolagaudisabadell\/wp-content\/uploads\/usu1563\/2024\/04\/No-desempat-24-25.jpg 673w, https:\/\/agora.xtec.cat\/escolagaudisabadell\/wp-content\/uploads\/usu1563\/2024\/04\/No-desempat-24-25-300x105.jpg 300w\" sizes=\"auto, (max-width: 673px) 100vw, 673px\" \/><\/p>\n<p><a href=\"https:\/\/preinscripcio.gencat.cat\/ca\/estudis\/infantil-3-6\/informat\/calendari\/index.html\" target=\"_blank\" rel=\"noopener\"><img loading=\"lazy\" decoding=\"async\" class=\"size-full wp-image-7137 aligncenter\" src=\"https:\/\/agora.xtec.cat\/escolagaudisabadell\/wp-content\/uploads\/usu1563\/2024\/03\/Titol-Coneix-calendari-i-terminis.png\" alt=\"\" width=\"566\" height=\"69\" srcset=\"https:\/\/agora.xtec.cat\/escolagaudisabadell\/wp-content\/uploads\/usu1563\/2024\/03\/Titol-Coneix-calendari-i-terminis.png 566w, https:\/\/agora.xtec.cat\/escolagaudisabadell\/wp-content\/uploads\/usu1563\/2024\/03\/Titol-Coneix-calendari-i-terminis-300x37.png 300w\" sizes=\"auto, (max-width: 566px) 100vw, 566px\" \/><\/a><\/p>\n<p style=\"text-align: center;\"><img loading=\"lazy\" decoding=\"async\" class=\"alignnone size-full wp-image-7203\" src=\"https:\/\/agora.xtec.cat\/escolagaudisabadell\/wp-content\/uploads\/usu1563\/2024\/04\/preinscripcio-i-matricula.png\" alt=\"\" width=\"507\" height=\"99\" srcset=\"https:\/\/agora.xtec.cat\/escolagaudisabadell\/wp-content\/uploads\/usu1563\/2024\/04\/preinscripcio-i-matricula.png 507w, https:\/\/agora.xtec.cat\/escolagaudisabadell\/wp-content\/uploads\/usu1563\/2024\/04\/preinscripcio-i-matricula-300x59.png 300w\" sizes=\"auto, (max-width: 507px) 100vw, 507px\" \/><\/p>\n<p style=\"text-align: center;\"><a href=\"https:\/\/preinscripcio.gencat.cat\/ca\/estudis\/infantil-3-6\/preinscriute\/sollicitud\/\" target=\"_blank\" rel=\"noopener\"><img loading=\"lazy\" decoding=\"async\" class=\"alignnone size-full wp-image-7139\" src=\"https:\/\/agora.xtec.cat\/escolagaudisabadell\/wp-content\/uploads\/usu1563\/2024\/03\/Fora-Termini-Preinscripcions.png\" alt=\"\" width=\"376\" height=\"149\" srcset=\"https:\/\/agora.xtec.cat\/escolagaudisabadell\/wp-content\/uploads\/usu1563\/2024\/03\/Fora-Termini-Preinscripcions.png 376w, https:\/\/agora.xtec.cat\/escolagaudisabadell\/wp-content\/uploads\/usu1563\/2024\/03\/Fora-Termini-Preinscripcions-300x119.png 300w\" sizes=\"auto, (max-width: 376px) 100vw, 376px\" \/><\/a><\/p>\n<p style=\"text-align: center;\">ACC\u00c9S A LLISTES PROVISIONALS DE BAREM (PUNTS) i DINTRE O FORA DE TERMINI DE LA PREINSCRIPCI\u00d3:<\/p>\n<p style=\"text-align: center;\"><a href=\"https:\/\/agora.xtec.cat\/escolagaudisabadell\/wp-content\/uploads\/usu1563\/2024\/04\/INFORME_BAREM_PROVISIONAL_BAREM.pdf\" target=\"_blank\" rel=\"noopener\">INFORME_BAREM_PROVISIONAL_BAREM<\/a><\/p>\n<p style=\"text-align: center;\">Com mirar aquesta llista? El nom del nen o la nena, apareix anonimitzat: Exemple: RaGaJi = Ra\u00fal Garcia Jim\u00e9nez<\/p>\n<p style=\"text-align: center;\">Les fam\u00edlies tamb\u00e9 podran accedir a la consulta individual, accedint a\u00a0<a href=\"https:\/\/preinscripcio.gencat.cat\/ca\/estudis\/primaria\/preinscriute\/seguiment-sollicitud\/llista-sollicituds-puntuacio\/\" target=\"_blank\" rel=\"noopener\" data-saferedirecturl=\"https:\/\/www.google.com\/url?q=https:\/\/preinscripcio.gencat.cat\/ca\/estudis\/primaria\/preinscriute\/seguiment-sollicitud\/llista-sollicituds-puntuacio\/&amp;source=gmail&amp;ust=1713429379863000&amp;usg=AOvVaw3kWUmnGWq0Y1-4QHqH9W_q\">Consulta la llista de sol\u00b7licituds amb la puntuaci\u00f3 provisional<\/a>, amb el DNI, NIE o passaport de la persona que va presentar la sol\u00b7licitud i el seu codi, a la web\u00a0<a href=\"http:\/\/preinscripcio.gencat.cat\/\" target=\"_blank\" rel=\"noopener\" data-saferedirecturl=\"https:\/\/www.google.com\/url?q=http:\/\/preinscripcio.gencat.cat&amp;source=gmail&amp;ust=1713429379863000&amp;usg=AOvVaw0z6iKBzWNrr8z6nGDndlck\">preinscripcio.gencat.cat<\/a>.<\/p>\n<p>Recordeu que, tamb\u00e9, a partir d\u2019avui es poden presentar reclamacions. Es pot fer des de la mateixa consulta individual o des de l\u2019opci\u00f3 \u201cFes el seguiment de la teva sol\u00b7licitud\u201d de la web\u00a0<a href=\"http:\/\/preinscripcio.gencat.cat\/\" target=\"_blank\" rel=\"noopener\" data-saferedirecturl=\"https:\/\/www.google.com\/url?q=http:\/\/preinscripcio.gencat.cat&amp;source=gmail&amp;ust=1713429379863000&amp;usg=AOvVaw0z6iKBzWNrr8z6nGDndlck\">preinscripcio.gencat.cat<\/a>. A m\u00e9s, teniu a la vostra disposici\u00f3 aquest v\u00eddeo tutorial:<\/p>\n<div>\n<div style=\"text-align: center;\"><u><\/u><a href=\"https:\/\/www.youtube.com\/watch?v=Y1HTJ25ueeY\" target=\"_blank\" rel=\"noopener\" data-saferedirecturl=\"https:\/\/www.google.com\/url?q=https:\/\/www.youtube.com\/watch?v%3DY1HTJ25ueeY&amp;source=gmail&amp;ust=1713429379863000&amp;usg=AOvVaw0NiUNPoGpEelCz7asiZEAx\">Com presentar una reclamaci\u00f3 contra la llista amb la puntuaci\u00f3 provisional.<\/a><\/div>\n<\/div>\n<p style=\"text-align: center;\"><img loading=\"lazy\" decoding=\"async\" class=\"alignnone size-large wp-image-7133\" src=\"https:\/\/agora.xtec.cat\/escolagaudisabadell\/wp-content\/uploads\/usu1563\/2024\/03\/1-Calendari-proces-preinscr.-web-1024x518.png\" alt=\"\" width=\"1024\" height=\"518\" srcset=\"https:\/\/agora.xtec.cat\/escolagaudisabadell\/wp-content\/uploads\/usu1563\/2024\/03\/1-Calendari-proces-preinscr.-web-1024x518.png 1024w, https:\/\/agora.xtec.cat\/escolagaudisabadell\/wp-content\/uploads\/usu1563\/2024\/03\/1-Calendari-proces-preinscr.-web-300x152.png 300w, https:\/\/agora.xtec.cat\/escolagaudisabadell\/wp-content\/uploads\/usu1563\/2024\/03\/1-Calendari-proces-preinscr.-web-768x388.png 768w, https:\/\/agora.xtec.cat\/escolagaudisabadell\/wp-content\/uploads\/usu1563\/2024\/03\/1-Calendari-proces-preinscr.-web.png 1191w\" sizes=\"auto, (max-width: 1024px) 100vw, 1024px\" \/><\/p>\n<p style=\"text-align: center;\"><img loading=\"lazy\" decoding=\"async\" class=\"alignnone size-large wp-image-7134\" src=\"https:\/\/agora.xtec.cat\/escolagaudisabadell\/wp-content\/uploads\/usu1563\/2024\/03\/2-Calendari-proces-preinscr.-web-1024x476.png\" alt=\"\" width=\"1024\" height=\"476\" srcset=\"https:\/\/agora.xtec.cat\/escolagaudisabadell\/wp-content\/uploads\/usu1563\/2024\/03\/2-Calendari-proces-preinscr.-web-1024x476.png 1024w, https:\/\/agora.xtec.cat\/escolagaudisabadell\/wp-content\/uploads\/usu1563\/2024\/03\/2-Calendari-proces-preinscr.-web-300x140.png 300w, https:\/\/agora.xtec.cat\/escolagaudisabadell\/wp-content\/uploads\/usu1563\/2024\/03\/2-Calendari-proces-preinscr.-web-768x357.png 768w, https:\/\/agora.xtec.cat\/escolagaudisabadell\/wp-content\/uploads\/usu1563\/2024\/03\/2-Calendari-proces-preinscr.-web.png 1172w\" sizes=\"auto, (max-width: 1024px) 100vw, 1024px\" \/><\/p>\n<p style=\"text-align: center;\"><a href=\"https:\/\/open.spotify.com\/episode\/4UwvqZONE82VOpJ6CjHC4r?go=1&amp;sp_cid=5c5a7bd1a1a74ce4f77fb6977a4ab747&amp;utm_source=embed_player_p&amp;utm_medium=desktop&amp;nd=1\" target=\"_blank\" rel=\"noopener\"><img loading=\"lazy\" decoding=\"async\" class=\"alignnone size-large wp-image-7135\" src=\"https:\/\/agora.xtec.cat\/escolagaudisabadell\/wp-content\/uploads\/usu1563\/2024\/03\/3-Audio-podcats-1024x186.png\" alt=\"\" width=\"1024\" height=\"186\" srcset=\"https:\/\/agora.xtec.cat\/escolagaudisabadell\/wp-content\/uploads\/usu1563\/2024\/03\/3-Audio-podcats-1024x186.png 1024w, https:\/\/agora.xtec.cat\/escolagaudisabadell\/wp-content\/uploads\/usu1563\/2024\/03\/3-Audio-podcats-300x54.png 300w, https:\/\/agora.xtec.cat\/escolagaudisabadell\/wp-content\/uploads\/usu1563\/2024\/03\/3-Audio-podcats-768x139.png 768w, https:\/\/agora.xtec.cat\/escolagaudisabadell\/wp-content\/uploads\/usu1563\/2024\/03\/3-Audio-podcats.png 1191w\" sizes=\"auto, (max-width: 1024px) 100vw, 1024px\" \/><\/a><\/p>\n<p style=\"text-align: center;\"><img loading=\"lazy\" decoding=\"async\" class=\"alignnone size-full wp-image-7275\" src=\"https:\/\/agora.xtec.cat\/escolagaudisabadell\/wp-content\/uploads\/usu1563\/2024\/04\/Oferta-23-24-11-04-24.png\" alt=\"\" width=\"734\" height=\"525\" srcset=\"https:\/\/agora.xtec.cat\/escolagaudisabadell\/wp-content\/uploads\/usu1563\/2024\/04\/Oferta-23-24-11-04-24.png 734w, https:\/\/agora.xtec.cat\/escolagaudisabadell\/wp-content\/uploads\/usu1563\/2024\/04\/Oferta-23-24-11-04-24-300x215.png 300w\" sizes=\"auto, (max-width: 734px) 100vw, 734px\" \/><\/p>\n<h2>PREGUNTES FREQ\u00dcENTS:<\/h2>\n<p><img loading=\"lazy\" decoding=\"async\" class=\"alignnone size-full wp-image-6919\" src=\"https:\/\/agora.xtec.cat\/escolagaudisabadell\/wp-content\/uploads\/usu1563\/2023\/02\/Pregunta1.jpg\" alt=\"\" width=\"277\" height=\"208\" srcset=\"https:\/\/agora.xtec.cat\/escolagaudisabadell\/wp-content\/uploads\/usu1563\/2023\/02\/Pregunta1.jpg 277w, https:\/\/agora.xtec.cat\/escolagaudisabadell\/wp-content\/uploads\/usu1563\/2023\/02\/Pregunta1-200x150.jpg 200w\" sizes=\"auto, (max-width: 277px) 100vw, 277px\" \/><\/p>\n<h4><img loading=\"lazy\" decoding=\"async\" class=\"alignnone size-full wp-image-6920\" src=\"https:\/\/agora.xtec.cat\/escolagaudisabadell\/wp-content\/uploads\/usu1563\/2023\/02\/2oferta-places-altres-grups.jpg\" alt=\"\" width=\"248\" height=\"69\" \/>\u00a0 S\u00ed, i s\u00f3n les seg\u00fcents:\u00a0 \u00a0 \u00a0 \u00a0 \u00a0I4 d&#8217;Infantil = 1 pla\u00e7a\u00a0\u00a0 &amp;\u00a0\u00a0 1r de Prim\u00e0ria = <strong>5 places\u00a0\u00a0 &amp;\u00a0\u00a0 2n Prim\u00e0ria= 1 pla\u00e7a<\/strong><strong>.<\/strong><\/h4>\n<h4><img loading=\"lazy\" decoding=\"async\" class=\"alignnone size-full wp-image-6921\" src=\"https:\/\/agora.xtec.cat\/escolagaudisabadell\/wp-content\/uploads\/usu1563\/2023\/02\/3germans_escola.jpg\" alt=\"\" width=\"375\" height=\"81\" srcset=\"https:\/\/agora.xtec.cat\/escolagaudisabadell\/wp-content\/uploads\/usu1563\/2023\/02\/3germans_escola.jpg 375w, https:\/\/agora.xtec.cat\/escolagaudisabadell\/wp-content\/uploads\/usu1563\/2023\/02\/3germans_escola-300x65.jpg 300w\" sizes=\"auto, (max-width: 375px) 100vw, 375px\" \/>\u00a0<strong>Tenim 9 germans\/es d&#8217;alumnes que comen\u00e7aran I3 el proper curs 24-25.<\/strong><\/h4>\n<h4><img loading=\"lazy\" decoding=\"async\" class=\"alignnone size-full wp-image-6922\" src=\"https:\/\/agora.xtec.cat\/escolagaudisabadell\/wp-content\/uploads\/usu1563\/2023\/02\/4Material_Ampa_Menjador.jpg\" alt=\"\" width=\"607\" height=\"156\" srcset=\"https:\/\/agora.xtec.cat\/escolagaudisabadell\/wp-content\/uploads\/usu1563\/2023\/02\/4Material_Ampa_Menjador.jpg 607w, https:\/\/agora.xtec.cat\/escolagaudisabadell\/wp-content\/uploads\/usu1563\/2023\/02\/4Material_Ampa_Menjador-300x77.jpg 300w\" sizes=\"auto, (max-width: 607px) 100vw, 607px\" \/>\u00a0 La quota de l&#8217;AMPA \u00e9s de 18\u20ac. El preu de menjador \u00e9s 7,60\u20ac si \u00e9s espor\u00e0dic i de 6,91\u20ac si hi ha una perman\u00e8ncia.<\/h4>\n<p><img loading=\"lazy\" decoding=\"async\" class=\"alignnone size-full wp-image-6923\" src=\"https:\/\/agora.xtec.cat\/escolagaudisabadell\/wp-content\/uploads\/usu1563\/2023\/02\/5Metodologia-I3.jpg\" alt=\"\" width=\"620\" height=\"211\" srcset=\"https:\/\/agora.xtec.cat\/escolagaudisabadell\/wp-content\/uploads\/usu1563\/2023\/02\/5Metodologia-I3.jpg 620w, https:\/\/agora.xtec.cat\/escolagaudisabadell\/wp-content\/uploads\/usu1563\/2023\/02\/5Metodologia-I3-300x102.jpg 300w\" sizes=\"auto, (max-width: 620px) 100vw, 620px\" \/><\/p>\n<p><img loading=\"lazy\" decoding=\"async\" class=\"alignnone size-full wp-image-6924\" src=\"https:\/\/agora.xtec.cat\/escolagaudisabadell\/wp-content\/uploads\/usu1563\/2023\/02\/6Horari_especial_I3.jpg\" alt=\"\" width=\"243\" height=\"340\" srcset=\"https:\/\/agora.xtec.cat\/escolagaudisabadell\/wp-content\/uploads\/usu1563\/2023\/02\/6Horari_especial_I3.jpg 243w, https:\/\/agora.xtec.cat\/escolagaudisabadell\/wp-content\/uploads\/usu1563\/2023\/02\/6Horari_especial_I3-214x300.jpg 214w\" sizes=\"auto, (max-width: 243px) 100vw, 243px\" \/><\/p>\n<p><img loading=\"lazy\" decoding=\"async\" class=\"alignnone size-full wp-image-6926\" src=\"https:\/\/agora.xtec.cat\/escolagaudisabadell\/wp-content\/uploads\/usu1563\/2023\/02\/7Dinantia-1.jpg\" alt=\"\" width=\"355\" height=\"436\" srcset=\"https:\/\/agora.xtec.cat\/escolagaudisabadell\/wp-content\/uploads\/usu1563\/2023\/02\/7Dinantia-1.jpg 355w, https:\/\/agora.xtec.cat\/escolagaudisabadell\/wp-content\/uploads\/usu1563\/2023\/02\/7Dinantia-1-244x300.jpg 244w\" sizes=\"auto, (max-width: 355px) 100vw, 355px\" \/><\/p>\n<p><img loading=\"lazy\" decoding=\"async\" class=\"alignnone size-full wp-image-6927 alignright\" src=\"https:\/\/agora.xtec.cat\/escolagaudisabadell\/wp-content\/uploads\/usu1563\/2023\/02\/8Logoescola.jpg\" alt=\"\" width=\"129\" height=\"130\" \/><\/p>\n<p>&nbsp;<\/p>\n<p>&nbsp;<\/p>\n<p><a href=\"https:\/\/agora.xtec.cat\/escolagaudisabadell\/wp-content\/uploads\/usu1563\/2024\/03\/Un-dia-a-P3.pdf\">Un dia a P3<\/a> (Cliqueu per poder tenir una petita visi\u00f3 d&#8217;algunes coses que fan els nens i nenes d&#8217;I3)<\/p>\n","protected":false},"excerpt":{"rendered":"<p>RECLAMAR (si no esteu d&#8217;acord, heu de reclamar de l&#8217;11 al 13 de juny)<br \/>\n<a href=\"https:\/\/agora.xtec.cat\/escolagaudisabadell\/wp-content\/uploads\/usu1563\/2024\/06\/Reclamar-les-assignacions.pdf\">Reclamar les assignacions<\/a><br \/>\n&nbsp;<br \/>\nLLISTES ADMESOS, LLISTES ESPERA I LLISTES PREINSCRITS I ESCOLA ASSIGNADA (10\/06\/2024):<br \/>\n<a href=\"https:\/\/agora.xtec.cat\/escolagaudisabadell\/wp-content\/uploads\/usu1563\/2024\/05\/Alumnes-Assignats.pdf\">Alumnes Assignats<\/a><br \/>\n<a href=\"https:\/\/agora.xtec.cat\/escolagaudisabadell\/wp-content\/uploads\/usu1563\/2024\/05\/Alumnes-en-Llista-dEspera.pdf\">Alumnes en Llista d&#8217;Espera<\/a><br \/>\n<a href=\"https:\/\/agora.xtec.cat\/escolagaudisabadell\/wp-content\/uploads\/usu1563\/2024\/05\/Alumnes-Preinscrits-i-Centre-Assignat.pdf\">Alumnes Preinscrits i Centre Assignat<\/a><br \/>\n&nbsp;<br \/>\nACC\u00c9S A LLISTES DEFINITIVA DE BAREM (PUNTS) Publicaci\u00f3&hellip;  <a href=\"https:\/\/agora.xtec.cat\/escolagaudisabadell\/general\/portes-obertes-curs-2023-2024\/\" title=\"Read CALENDARI PREINSCRIPCI\u00d3 I OFERTA PLACES CURS 2024-2025\">Llegeix m\u00e9s\u00bb<\/a><\/p>\n","protected":false},"author":1,"featured_media":7203,"comment_status":"closed","ping_status":"closed","sticky":false,"template":"","format":"standard","meta":{"_bbp_topic_count":0,"_bbp_reply_count":0,"_bbp_total_topic_count":0,"_bbp_total_reply_count":0,"_bbp_voice_count":0,"_bbp_anonymous_reply_count":0,"_bbp_topic_count_hidden":0,"_bbp_reply_count_hidden":0,"_bbp_forum_subforum_count":0,"footnotes":""},"categories":[1,4],"tags":[],"class_list":["post-5989","post","type-post","status-publish","format-standard","has-post-thumbnail","hentry","category-general","category-portada"],"post_mailing_queue_ids":[],"_links":{"self":[{"href":"https:\/\/agora.xtec.cat\/escolagaudisabadell\/wp-json\/wp\/v2\/posts\/5989","targetHints":{"allow":["GET"]}}],"collection":[{"href":"https:\/\/agora.xtec.cat\/escolagaudisabadell\/wp-json\/wp\/v2\/posts"}],"about":[{"href":"https:\/\/agora.xtec.cat\/escolagaudisabadell\/wp-json\/wp\/v2\/types\/post"}],"author":[{"embeddable":true,"href":"https:\/\/agora.xtec.cat\/escolagaudisabadell\/wp-json\/wp\/v2\/users\/1"}],"replies":[{"embeddable":true,"href":"https:\/\/agora.xtec.cat\/escolagaudisabadell\/wp-json\/wp\/v2\/comments?post=5989"}],"version-history":[{"count":6,"href":"https:\/\/agora.xtec.cat\/escolagaudisabadell\/wp-json\/wp\/v2\/posts\/5989\/revisions"}],"predecessor-version":[{"id":7320,"href":"https:\/\/agora.xtec.cat\/escolagaudisabadell\/wp-json\/wp\/v2\/posts\/5989\/revisions\/7320"}],"wp:featuredmedia":[{"embeddable":true,"href":"https:\/\/agora.xtec.cat\/escolagaudisabadell\/wp-json\/wp\/v2\/media\/7203"}],"wp:attachment":[{"href":"https:\/\/agora.xtec.cat\/escolagaudisabadell\/wp-json\/wp\/v2\/media?parent=5989"}],"wp:term":[{"taxonomy":"category","embeddable":true,"href":"https:\/\/agora.xtec.cat\/escolagaudisabadell\/wp-json\/wp\/v2\/categories?post=5989"},{"taxonomy":"post_tag","embeddable":true,"href":"https:\/\/agora.xtec.cat\/escolagaudisabadell\/wp-json\/wp\/v2\/tags?post=5989"}],"curies":[{"name":"wp","href":"https:\/\/api.w.org\/{rel}","templated":true}]}}