{"id":5928,"date":"2023-01-27T19:04:10","date_gmt":"2023-01-27T18:04:10","guid":{"rendered":"https:\/\/agora.xtec.cat\/escolagaudisabadell\/?p=5928"},"modified":"2023-01-27T19:04:10","modified_gmt":"2023-01-27T18:04:10","slug":"ci-construim-wampu-20-01-23","status":"publish","type":"post","link":"https:\/\/agora.xtec.cat\/escolagaudisabadell\/general\/ci-construim-wampu-20-01-23\/","title":{"rendered":"CI Constru\u00efm Wamp\u00fa 20 01 23"},"content":{"rendered":"<p>El passat divendres dia 20 va venir una cooperant de l&#8217;ONG Moskitia. Ens va explicar com viuen en aquella zona d&#8217;Hondures, vam con\u00e8ixer la seva realitat i despr\u00e9s vam construir una aldea t\u00edpica miskita amb plastilina.<\/p>\n<p>Ens va agradar con\u00e8ixer altres formes de viure.<\/p>\n<p><a href=\"https:\/\/photos.app.goo.gl\/WNVUa5UpvGqdwCEY8\"><img loading=\"lazy\" decoding=\"async\" class=\"alignnone wp-image-5929 size-large\" src=\"https:\/\/agora.xtec.cat\/escolagaudisabadell\/wp-content\/uploads\/usu1563\/2023\/01\/IMG_20230120_101314-1024x576.jpg\" alt=\"\" width=\"1024\" height=\"576\" srcset=\"https:\/\/agora.xtec.cat\/escolagaudisabadell\/wp-content\/uploads\/usu1563\/2023\/01\/IMG_20230120_101314-1024x576.jpg 1024w, https:\/\/agora.xtec.cat\/escolagaudisabadell\/wp-content\/uploads\/usu1563\/2023\/01\/IMG_20230120_101314-300x169.jpg 300w, https:\/\/agora.xtec.cat\/escolagaudisabadell\/wp-content\/uploads\/usu1563\/2023\/01\/IMG_20230120_101314-768x432.jpg 768w, https:\/\/agora.xtec.cat\/escolagaudisabadell\/wp-content\/uploads\/usu1563\/2023\/01\/IMG_20230120_101314-1536x864.jpg 1536w, https:\/\/agora.xtec.cat\/escolagaudisabadell\/wp-content\/uploads\/usu1563\/2023\/01\/IMG_20230120_101314-2048x1152.jpg 2048w\" sizes=\"auto, (max-width: 1024px) 100vw, 1024px\" \/><\/a><\/p>\n<p>&nbsp;<\/p>\n","protected":false},"excerpt":{"rendered":"<p>El passat divendres dia 20 va venir una cooperant de l&#8217;ONG Moskitia. Ens va explicar com viuen en aquella zona d&#8217;Hondures, vam con\u00e8ixer la seva realitat i despr\u00e9s vam construir una aldea t\u00edpica miskita amb plastilina.<br \/>\nEns va agradar con\u00e8ixer altres formes de viure.<br \/>\n<a href=\"https:\/\/photos.app.goo.gl\/WNVUa5UpvGqdwCEY8\"><\/a><br \/>\n&nbsp;<\/p>\n","protected":false},"author":3,"featured_media":0,"comment_status":"closed","ping_status":"closed","sticky":false,"template":"","format":"standard","meta":{"_bbp_topic_count":0,"_bbp_reply_count":0,"_bbp_total_topic_count":0,"_bbp_total_reply_count":0,"_bbp_voice_count":0,"_bbp_anonymous_reply_count":0,"_bbp_topic_count_hidden":0,"_bbp_reply_count_hidden":0,"_bbp_forum_subforum_count":0,"footnotes":""},"categories":[10,11,71,1,4],"tags":[],"class_list":["post-5928","post","type-post","status-publish","format-standard","hentry","category-1r","category-2n","category-fotosdescola","category-general","category-portada"],"post_mailing_queue_ids":[],"_links":{"self":[{"href":"https:\/\/agora.xtec.cat\/escolagaudisabadell\/wp-json\/wp\/v2\/posts\/5928","targetHints":{"allow":["GET"]}}],"collection":[{"href":"https:\/\/agora.xtec.cat\/escolagaudisabadell\/wp-json\/wp\/v2\/posts"}],"about":[{"href":"https:\/\/agora.xtec.cat\/escolagaudisabadell\/wp-json\/wp\/v2\/types\/post"}],"author":[{"embeddable":true,"href":"https:\/\/agora.xtec.cat\/escolagaudisabadell\/wp-json\/wp\/v2\/users\/3"}],"replies":[{"embeddable":true,"href":"https:\/\/agora.xtec.cat\/escolagaudisabadell\/wp-json\/wp\/v2\/comments?post=5928"}],"version-history":[{"count":2,"href":"https:\/\/agora.xtec.cat\/escolagaudisabadell\/wp-json\/wp\/v2\/posts\/5928\/revisions"}],"predecessor-version":[{"id":5931,"href":"https:\/\/agora.xtec.cat\/escolagaudisabadell\/wp-json\/wp\/v2\/posts\/5928\/revisions\/5931"}],"wp:attachment":[{"href":"https:\/\/agora.xtec.cat\/escolagaudisabadell\/wp-json\/wp\/v2\/media?parent=5928"}],"wp:term":[{"taxonomy":"category","embeddable":true,"href":"https:\/\/agora.xtec.cat\/escolagaudisabadell\/wp-json\/wp\/v2\/categories?post=5928"},{"taxonomy":"post_tag","embeddable":true,"href":"https:\/\/agora.xtec.cat\/escolagaudisabadell\/wp-json\/wp\/v2\/tags?post=5928"}],"curies":[{"name":"wp","href":"https:\/\/api.w.org\/{rel}","templated":true}]}}