{"id":5839,"date":"2022-12-21T18:34:58","date_gmt":"2022-12-21T17:34:58","guid":{"rendered":"https:\/\/agora.xtec.cat\/escolagaudisabadell\/?p=5839"},"modified":"2022-12-21T18:44:30","modified_gmt":"2022-12-21T17:44:30","slug":"2n-5e-intercanvi-de-felicitacions-14-12-22","status":"publish","type":"post","link":"https:\/\/agora.xtec.cat\/escolagaudisabadell\/general\/2n-5e-intercanvi-de-felicitacions-14-12-22\/","title":{"rendered":"2n-5\u00e8 Intercanvi de felicitacions 14 12 22"},"content":{"rendered":"<p>Com cada any, quan s&#8217;acosta el final del primer trimestre, a l&#8217;escola fem moltes activitats relacionades amb la preparaci\u00f3 de Nadal. Una d&#8217;elles \u00e9s l&#8217;intercanvi de felicitacions entre classes. Aquest curs la classe dels Mussols han preparat amb molta il\u00b7lusi\u00f3 una felicitaci\u00f3 per a la classe de 5\u00e8, que tamb\u00e9 han confeccionat amb moltes ganes la felicitaci\u00f3 per a la classe de 2n. Vam fer l&#8217;intercanvi al porxo. Gr\u00e0cies a tots i totes!!!\ud83d\ude42\ud83e\udd17\ud83e\udd17\ud83c\udf84\ud83c\udf84<\/p>\n<p class=\"hide-if-no-js\" style=\"text-align: center\"><a id=\"set-post-thumbnail\" class=\"thickbox\" href=\"https:\/\/photos.app.goo.gl\/3ZFkmgUznXGwdjaT8\" aria-describedby=\"set-post-thumbnail-desc\"><img loading=\"lazy\" decoding=\"async\" class=\"attachment-266x266 alignnone\" src=\"https:\/\/agora.xtec.cat\/escolagaudisabadell\/wp-content\/uploads\/usu1563\/2022\/12\/IMG-20221214-WA0025.jpg\" alt=\"\" width=\"266\" height=\"200\" \/><\/a><\/p>\n","protected":false},"excerpt":{"rendered":"<p>Com cada any, quan s&#8217;acosta el final del primer trimestre, a l&#8217;escola fem moltes activitats relacionades amb la preparaci\u00f3 de Nadal. Una d&#8217;elles \u00e9s l&#8217;intercanvi de felicitacions entre classes. Aquest curs la classe dels Mussols han preparat amb molta il\u00b7lusi\u00f3 una felicitaci\u00f3 per a la&hellip;  <a href=\"https:\/\/agora.xtec.cat\/escolagaudisabadell\/general\/2n-5e-intercanvi-de-felicitacions-14-12-22\/\" title=\"Read 2n-5\u00e8 Intercanvi de felicitacions 14 12 22\">Llegeix m\u00e9s\u00bb<\/a><\/p>\n","protected":false},"author":3,"featured_media":5840,"comment_status":"closed","ping_status":"closed","sticky":false,"template":"","format":"standard","meta":{"_bbp_topic_count":0,"_bbp_reply_count":0,"_bbp_total_topic_count":0,"_bbp_total_reply_count":0,"_bbp_voice_count":0,"_bbp_anonymous_reply_count":0,"_bbp_topic_count_hidden":0,"_bbp_reply_count_hidden":0,"_bbp_forum_subforum_count":0,"footnotes":""},"categories":[11,14,1,4],"tags":[],"class_list":["post-5839","post","type-post","status-publish","format-standard","has-post-thumbnail","hentry","category-2n","category-5e","category-general","category-portada"],"post_mailing_queue_ids":[],"_links":{"self":[{"href":"https:\/\/agora.xtec.cat\/escolagaudisabadell\/wp-json\/wp\/v2\/posts\/5839","targetHints":{"allow":["GET"]}}],"collection":[{"href":"https:\/\/agora.xtec.cat\/escolagaudisabadell\/wp-json\/wp\/v2\/posts"}],"about":[{"href":"https:\/\/agora.xtec.cat\/escolagaudisabadell\/wp-json\/wp\/v2\/types\/post"}],"author":[{"embeddable":true,"href":"https:\/\/agora.xtec.cat\/escolagaudisabadell\/wp-json\/wp\/v2\/users\/3"}],"replies":[{"embeddable":true,"href":"https:\/\/agora.xtec.cat\/escolagaudisabadell\/wp-json\/wp\/v2\/comments?post=5839"}],"version-history":[{"count":1,"href":"https:\/\/agora.xtec.cat\/escolagaudisabadell\/wp-json\/wp\/v2\/posts\/5839\/revisions"}],"predecessor-version":[{"id":5841,"href":"https:\/\/agora.xtec.cat\/escolagaudisabadell\/wp-json\/wp\/v2\/posts\/5839\/revisions\/5841"}],"wp:featuredmedia":[{"embeddable":true,"href":"https:\/\/agora.xtec.cat\/escolagaudisabadell\/wp-json\/wp\/v2\/media\/5840"}],"wp:attachment":[{"href":"https:\/\/agora.xtec.cat\/escolagaudisabadell\/wp-json\/wp\/v2\/media?parent=5839"}],"wp:term":[{"taxonomy":"category","embeddable":true,"href":"https:\/\/agora.xtec.cat\/escolagaudisabadell\/wp-json\/wp\/v2\/categories?post=5839"},{"taxonomy":"post_tag","embeddable":true,"href":"https:\/\/agora.xtec.cat\/escolagaudisabadell\/wp-json\/wp\/v2\/tags?post=5839"}],"curies":[{"name":"wp","href":"https:\/\/api.w.org\/{rel}","templated":true}]}}