{"id":5754,"date":"2022-12-11T22:14:10","date_gmt":"2022-12-11T21:14:10","guid":{"rendered":"https:\/\/agora.xtec.cat\/escolagaudisabadell\/?p=5754"},"modified":"2022-12-11T22:14:10","modified_gmt":"2022-12-11T21:14:10","slug":"ei-ci-arriba-el-tio-02-12-22","status":"publish","type":"post","link":"https:\/\/agora.xtec.cat\/escolagaudisabadell\/general\/ei-ci-arriba-el-tio-02-12-22\/","title":{"rendered":"EI-CI Arriba el ti\u00f3!!! 02 12 22"},"content":{"rendered":"<p>El passat dia 2 vam rebre una carta molt emotiva que ens anunciava que el Ti\u00f3 havia arribat a l&#8217;escola Gaud\u00ed!!! La classe dels mussols va llegir la carta als infants m\u00e9s petits de l&#8217;escola i tots junts vam buscar el Ti\u00f3. Ens va costar molt de trobar-lo, perqu\u00e8 s&#8217;havia amagat molt b\u00e9!! Ara ja el tenim a l&#8217;escola, el vam abrigar amb una flassada i cada dia li donem una mica de menjar i aigua.<\/p>\n<p class=\"hide-if-no-js\" style=\"text-align: center\"><a id=\"set-post-thumbnail\" class=\"thickbox\" href=\"https:\/\/photos.app.goo.gl\/BQ9VNepwxMqVoAnu8\" aria-describedby=\"set-post-thumbnail-desc\"><img loading=\"lazy\" decoding=\"async\" class=\"attachment-266x266 alignnone\" src=\"https:\/\/agora.xtec.cat\/escolagaudisabadell\/wp-content\/uploads\/usu1563\/2022\/12\/IMG-20221202-WA0015.jpg\" alt=\"\" width=\"266\" height=\"200\" \/><\/a><\/p>\n","protected":false},"excerpt":{"rendered":"<p>El passat dia 2 vam rebre una carta molt emotiva que ens anunciava que el Ti\u00f3 havia arribat a l&#8217;escola Gaud\u00ed!!! La classe dels mussols va llegir la carta als infants m\u00e9s petits de l&#8217;escola i tots junts vam buscar el Ti\u00f3. Ens va costar&hellip;  <a href=\"https:\/\/agora.xtec.cat\/escolagaudisabadell\/general\/ei-ci-arriba-el-tio-02-12-22\/\" title=\"Read EI-CI Arriba el ti\u00f3!!! 02 12 22\">Llegeix m\u00e9s\u00bb<\/a><\/p>\n","protected":false},"author":3,"featured_media":5755,"comment_status":"closed","ping_status":"closed","sticky":false,"template":"","format":"standard","meta":{"_bbp_topic_count":0,"_bbp_reply_count":0,"_bbp_total_topic_count":0,"_bbp_total_reply_count":0,"_bbp_voice_count":0,"_bbp_anonymous_reply_count":0,"_bbp_topic_count_hidden":0,"_bbp_reply_count_hidden":0,"_bbp_forum_subforum_count":0,"footnotes":""},"categories":[10,11,71,1,2,4],"tags":[],"class_list":["post-5754","post","type-post","status-publish","format-standard","has-post-thumbnail","hentry","category-1r","category-2n","category-fotosdescola","category-general","category-infantil","category-portada"],"post_mailing_queue_ids":[],"_links":{"self":[{"href":"https:\/\/agora.xtec.cat\/escolagaudisabadell\/wp-json\/wp\/v2\/posts\/5754","targetHints":{"allow":["GET"]}}],"collection":[{"href":"https:\/\/agora.xtec.cat\/escolagaudisabadell\/wp-json\/wp\/v2\/posts"}],"about":[{"href":"https:\/\/agora.xtec.cat\/escolagaudisabadell\/wp-json\/wp\/v2\/types\/post"}],"author":[{"embeddable":true,"href":"https:\/\/agora.xtec.cat\/escolagaudisabadell\/wp-json\/wp\/v2\/users\/3"}],"replies":[{"embeddable":true,"href":"https:\/\/agora.xtec.cat\/escolagaudisabadell\/wp-json\/wp\/v2\/comments?post=5754"}],"version-history":[{"count":1,"href":"https:\/\/agora.xtec.cat\/escolagaudisabadell\/wp-json\/wp\/v2\/posts\/5754\/revisions"}],"predecessor-version":[{"id":5756,"href":"https:\/\/agora.xtec.cat\/escolagaudisabadell\/wp-json\/wp\/v2\/posts\/5754\/revisions\/5756"}],"wp:featuredmedia":[{"embeddable":true,"href":"https:\/\/agora.xtec.cat\/escolagaudisabadell\/wp-json\/wp\/v2\/media\/5755"}],"wp:attachment":[{"href":"https:\/\/agora.xtec.cat\/escolagaudisabadell\/wp-json\/wp\/v2\/media?parent=5754"}],"wp:term":[{"taxonomy":"category","embeddable":true,"href":"https:\/\/agora.xtec.cat\/escolagaudisabadell\/wp-json\/wp\/v2\/categories?post=5754"},{"taxonomy":"post_tag","embeddable":true,"href":"https:\/\/agora.xtec.cat\/escolagaudisabadell\/wp-json\/wp\/v2\/tags?post=5754"}],"curies":[{"name":"wp","href":"https:\/\/api.w.org\/{rel}","templated":true}]}}