{"id":5579,"date":"2022-11-06T20:23:07","date_gmt":"2022-11-06T19:23:07","guid":{"rendered":"https:\/\/agora.xtec.cat\/escolagaudisabadell\/?p=5579"},"modified":"2022-11-14T06:40:36","modified_gmt":"2022-11-14T05:40:36","slug":"comencem-lhort-urba","status":"publish","type":"post","link":"https:\/\/agora.xtec.cat\/escolagaudisabadell\/general\/comencem-lhort-urba\/","title":{"rendered":"Comencem l&#8217;hort urb\u00e0"},"content":{"rendered":"<p>Ja fa uns dies que els mussols -la classe de 2n- hem comen\u00e7at a fer el projecte de l&#8217;hort. Primer vam preparar la taula de cultiu, despr\u00e9s vam plantar les cebes i les bledes. Ara toca anar cuidant-les i observant com van creixent. Per aix\u00f2 tamb\u00e9 estem fent un diari de cultiu.<\/p>\n<p class=\"hide-if-no-js\" style=\"text-align: center\"><a id=\"set-post-thumbnail\" class=\"thickbox\" href=\"https:\/\/photos.app.goo.gl\/Q6qJ9ESb43Rh4fVk6\" aria-describedby=\"set-post-thumbnail-desc\"><img loading=\"lazy\" decoding=\"async\" class=\"attachment-266x266 alignnone\" src=\"https:\/\/agora.xtec.cat\/escolagaudisabadell\/wp-content\/uploads\/usu1563\/2022\/11\/IMG_20221014_102839-scaled.jpg\" alt=\"\" width=\"200\" height=\"266\" \/><\/a><\/p>\n","protected":false},"excerpt":{"rendered":"<p>Ja fa uns dies que els mussols -la classe de 2n- hem comen\u00e7at a fer el projecte de l&#8217;hort. Primer vam preparar la taula de cultiu, despr\u00e9s vam plantar les cebes i les bledes. Ara toca anar cuidant-les i observant com van creixent. Per aix\u00f2&hellip;  <a href=\"https:\/\/agora.xtec.cat\/escolagaudisabadell\/general\/comencem-lhort-urba\/\" title=\"Read Comencem l&#8217;hort urb\u00e0\">Llegeix m\u00e9s\u00bb<\/a><\/p>\n","protected":false},"author":3,"featured_media":5580,"comment_status":"closed","ping_status":"closed","sticky":false,"template":"","format":"standard","meta":{"_bbp_topic_count":0,"_bbp_reply_count":0,"_bbp_total_topic_count":0,"_bbp_total_reply_count":0,"_bbp_voice_count":0,"_bbp_anonymous_reply_count":0,"_bbp_topic_count_hidden":0,"_bbp_reply_count_hidden":0,"_bbp_forum_subforum_count":0,"footnotes":""},"categories":[11,71,1,4],"tags":[],"class_list":["post-5579","post","type-post","status-publish","format-standard","has-post-thumbnail","hentry","category-2n","category-fotosdescola","category-general","category-portada"],"post_mailing_queue_ids":[],"_links":{"self":[{"href":"https:\/\/agora.xtec.cat\/escolagaudisabadell\/wp-json\/wp\/v2\/posts\/5579","targetHints":{"allow":["GET"]}}],"collection":[{"href":"https:\/\/agora.xtec.cat\/escolagaudisabadell\/wp-json\/wp\/v2\/posts"}],"about":[{"href":"https:\/\/agora.xtec.cat\/escolagaudisabadell\/wp-json\/wp\/v2\/types\/post"}],"author":[{"embeddable":true,"href":"https:\/\/agora.xtec.cat\/escolagaudisabadell\/wp-json\/wp\/v2\/users\/3"}],"replies":[{"embeddable":true,"href":"https:\/\/agora.xtec.cat\/escolagaudisabadell\/wp-json\/wp\/v2\/comments?post=5579"}],"version-history":[{"count":1,"href":"https:\/\/agora.xtec.cat\/escolagaudisabadell\/wp-json\/wp\/v2\/posts\/5579\/revisions"}],"predecessor-version":[{"id":5581,"href":"https:\/\/agora.xtec.cat\/escolagaudisabadell\/wp-json\/wp\/v2\/posts\/5579\/revisions\/5581"}],"wp:featuredmedia":[{"embeddable":true,"href":"https:\/\/agora.xtec.cat\/escolagaudisabadell\/wp-json\/wp\/v2\/media\/5580"}],"wp:attachment":[{"href":"https:\/\/agora.xtec.cat\/escolagaudisabadell\/wp-json\/wp\/v2\/media?parent=5579"}],"wp:term":[{"taxonomy":"category","embeddable":true,"href":"https:\/\/agora.xtec.cat\/escolagaudisabadell\/wp-json\/wp\/v2\/categories?post=5579"},{"taxonomy":"post_tag","embeddable":true,"href":"https:\/\/agora.xtec.cat\/escolagaudisabadell\/wp-json\/wp\/v2\/tags?post=5579"}],"curies":[{"name":"wp","href":"https:\/\/api.w.org\/{rel}","templated":true}]}}