{"id":5481,"date":"2022-10-07T22:35:19","date_gmt":"2022-10-07T20:35:19","guid":{"rendered":"https:\/\/agora.xtec.cat\/escolagaudisabadell\/?p=5481"},"modified":"2022-10-07T22:35:19","modified_gmt":"2022-10-07T20:35:19","slug":"1r-dia-de-natacio","status":"publish","type":"post","link":"https:\/\/agora.xtec.cat\/escolagaudisabadell\/general\/1r-dia-de-natacio\/","title":{"rendered":"1r dia de nataci\u00f3"},"content":{"rendered":"<p>Hola fam\u00edlies,<\/p>\n<p>Aqu\u00ed teniu les fotos del primer dia de nataci\u00f3, s&#8217;ho van passar molt b\u00e9!!<\/p>\n<p><a href=\"https:\/\/photos.app.goo.gl\/e7UwjwYXc261943y9\"><img loading=\"lazy\" decoding=\"async\" class=\"BiCYpc aligncenter\" src=\"https:\/\/lh3.googleusercontent.com\/pw\/AL9nZEV2pRBfi0I_-cOeZlgdu82Z9ChJGU0VJCJSegUh9A_i6ZX6ZJ1yHcYO4oS3RtYXdi9Cu-UMgKVH4RRQw1893-Di_z_qSM-ddFvLz-bU8Z_9W7k5Ls09bydCCqb9EuSZ1kT-UVVXVNm0jXJKjcwpWXIR=w639-h851-no?authuser=0\" width=\"426\" height=\"567\" aria-label=\"Foto: Vertical, 6 oct 2022, 11:40:08\" data-atf=\"false\" \/><\/a><\/p>\n","protected":false},"excerpt":{"rendered":"<p>Hola fam\u00edlies,<br \/>\nAqu\u00ed teniu les fotos del primer dia de nataci\u00f3, s&#8217;ho van passar molt b\u00e9!!<br \/>\n<a href=\"https:\/\/photos.app.goo.gl\/e7UwjwYXc261943y9\"><\/a><\/p>\n","protected":false},"author":1,"featured_media":0,"comment_status":"open","ping_status":"closed","sticky":false,"template":"","format":"standard","meta":{"_bbp_topic_count":0,"_bbp_reply_count":0,"_bbp_total_topic_count":0,"_bbp_total_reply_count":0,"_bbp_voice_count":0,"_bbp_anonymous_reply_count":0,"_bbp_topic_count_hidden":0,"_bbp_reply_count_hidden":0,"_bbp_forum_subforum_count":0,"footnotes":""},"categories":[10,71,1,4],"tags":[],"class_list":["post-5481","post","type-post","status-publish","format-standard","hentry","category-1r","category-fotosdescola","category-general","category-portada"],"post_mailing_queue_ids":[],"_links":{"self":[{"href":"https:\/\/agora.xtec.cat\/escolagaudisabadell\/wp-json\/wp\/v2\/posts\/5481","targetHints":{"allow":["GET"]}}],"collection":[{"href":"https:\/\/agora.xtec.cat\/escolagaudisabadell\/wp-json\/wp\/v2\/posts"}],"about":[{"href":"https:\/\/agora.xtec.cat\/escolagaudisabadell\/wp-json\/wp\/v2\/types\/post"}],"author":[{"embeddable":true,"href":"https:\/\/agora.xtec.cat\/escolagaudisabadell\/wp-json\/wp\/v2\/users\/1"}],"replies":[{"embeddable":true,"href":"https:\/\/agora.xtec.cat\/escolagaudisabadell\/wp-json\/wp\/v2\/comments?post=5481"}],"version-history":[{"count":1,"href":"https:\/\/agora.xtec.cat\/escolagaudisabadell\/wp-json\/wp\/v2\/posts\/5481\/revisions"}],"predecessor-version":[{"id":5482,"href":"https:\/\/agora.xtec.cat\/escolagaudisabadell\/wp-json\/wp\/v2\/posts\/5481\/revisions\/5482"}],"wp:attachment":[{"href":"https:\/\/agora.xtec.cat\/escolagaudisabadell\/wp-json\/wp\/v2\/media?parent=5481"}],"wp:term":[{"taxonomy":"category","embeddable":true,"href":"https:\/\/agora.xtec.cat\/escolagaudisabadell\/wp-json\/wp\/v2\/categories?post=5481"},{"taxonomy":"post_tag","embeddable":true,"href":"https:\/\/agora.xtec.cat\/escolagaudisabadell\/wp-json\/wp\/v2\/tags?post=5481"}],"curies":[{"name":"wp","href":"https:\/\/api.w.org\/{rel}","templated":true}]}}