{"id":5281,"date":"2022-06-27T14:45:12","date_gmt":"2022-06-27T12:45:12","guid":{"rendered":"https:\/\/agora.xtec.cat\/escolagaudisabadell\/?p=5281"},"modified":"2022-06-28T09:38:12","modified_gmt":"2022-06-28T07:38:12","slug":"certamen-literari-2","status":"publish","type":"post","link":"https:\/\/agora.xtec.cat\/escolagaudisabadell\/general\/certamen-literari-2\/","title":{"rendered":"Certamen Literari"},"content":{"rendered":"<p>El dia 22 d&#8217;abril l&#8217;alumnat de l&#8217;escola Gaud\u00ed va participar en el Certamen Literari amb motiu de la Diada de Sant Jordi. Aqu\u00ed teniu el v\u00eddeo del Certamen. (Fes clic a la imatge)<\/p>\n<p><a href=\"https:\/\/photos.app.goo.gl\/ZH7xfvM4eoK9Kj8H9\"><img loading=\"lazy\" decoding=\"async\" class=\"alignnone wp-image-5284\" src=\"https:\/\/agora.xtec.cat\/escolagaudisabadell\/wp-content\/uploads\/usu1563\/2022\/06\/video-300x300.jpg\" alt=\"\" width=\"242\" height=\"242\" srcset=\"https:\/\/agora.xtec.cat\/escolagaudisabadell\/wp-content\/uploads\/usu1563\/2022\/06\/video-300x300.jpg 300w, https:\/\/agora.xtec.cat\/escolagaudisabadell\/wp-content\/uploads\/usu1563\/2022\/06\/video-150x150.jpg 150w, https:\/\/agora.xtec.cat\/escolagaudisabadell\/wp-content\/uploads\/usu1563\/2022\/06\/video.jpg 640w\" sizes=\"auto, (max-width: 242px) 100vw, 242px\" \/><\/a><\/p>\n<p>&nbsp;<\/p>\n<p>&nbsp;<\/p>\n<p>&nbsp;<\/p>\n","protected":false},"excerpt":{"rendered":"<p>El dia 22 d&#8217;abril l&#8217;alumnat de l&#8217;escola Gaud\u00ed va participar en el Certamen Literari amb motiu de la Diada de Sant Jordi. Aqu\u00ed teniu el v\u00eddeo del Certamen. (Fes clic a la imatge)<br \/>\n<a href=\"https:\/\/photos.app.goo.gl\/ZH7xfvM4eoK9Kj8H9\"><\/a><br \/>\n&nbsp;<br \/>\n&nbsp;<br \/>\n&nbsp;<\/p>\n","protected":false},"author":1,"featured_media":0,"comment_status":"open","ping_status":"closed","sticky":false,"template":"","format":"standard","meta":{"_bbp_topic_count":0,"_bbp_reply_count":0,"_bbp_total_topic_count":0,"_bbp_total_reply_count":0,"_bbp_voice_count":0,"_bbp_anonymous_reply_count":0,"_bbp_topic_count_hidden":0,"_bbp_reply_count_hidden":0,"_bbp_forum_subforum_count":0,"footnotes":""},"categories":[1,4],"tags":[],"class_list":["post-5281","post","type-post","status-publish","format-standard","hentry","category-general","category-portada"],"post_mailing_queue_ids":[],"_links":{"self":[{"href":"https:\/\/agora.xtec.cat\/escolagaudisabadell\/wp-json\/wp\/v2\/posts\/5281","targetHints":{"allow":["GET"]}}],"collection":[{"href":"https:\/\/agora.xtec.cat\/escolagaudisabadell\/wp-json\/wp\/v2\/posts"}],"about":[{"href":"https:\/\/agora.xtec.cat\/escolagaudisabadell\/wp-json\/wp\/v2\/types\/post"}],"author":[{"embeddable":true,"href":"https:\/\/agora.xtec.cat\/escolagaudisabadell\/wp-json\/wp\/v2\/users\/1"}],"replies":[{"embeddable":true,"href":"https:\/\/agora.xtec.cat\/escolagaudisabadell\/wp-json\/wp\/v2\/comments?post=5281"}],"version-history":[{"count":3,"href":"https:\/\/agora.xtec.cat\/escolagaudisabadell\/wp-json\/wp\/v2\/posts\/5281\/revisions"}],"predecessor-version":[{"id":5286,"href":"https:\/\/agora.xtec.cat\/escolagaudisabadell\/wp-json\/wp\/v2\/posts\/5281\/revisions\/5286"}],"wp:attachment":[{"href":"https:\/\/agora.xtec.cat\/escolagaudisabadell\/wp-json\/wp\/v2\/media?parent=5281"}],"wp:term":[{"taxonomy":"category","embeddable":true,"href":"https:\/\/agora.xtec.cat\/escolagaudisabadell\/wp-json\/wp\/v2\/categories?post=5281"},{"taxonomy":"post_tag","embeddable":true,"href":"https:\/\/agora.xtec.cat\/escolagaudisabadell\/wp-json\/wp\/v2\/tags?post=5281"}],"curies":[{"name":"wp","href":"https:\/\/api.w.org\/{rel}","templated":true}]}}