{"id":5255,"date":"2022-06-21T20:34:32","date_gmt":"2022-06-21T18:34:32","guid":{"rendered":"https:\/\/agora.xtec.cat\/escolagaudisabadell\/?p=5255"},"modified":"2022-06-21T20:34:32","modified_gmt":"2022-06-21T18:34:32","slug":"aquest-estiu-fem-5-anys","status":"publish","type":"post","link":"https:\/\/agora.xtec.cat\/escolagaudisabadell\/general\/aquest-estiu-fem-5-anys\/","title":{"rendered":"AQUEST ESTIU FEM 5 ANYS!"},"content":{"rendered":"<p>Avui hem celebrat els aniversaris dels nens i nenes que fan 5 anys aquest estiu!<\/p>\n<p>Ens ho hem passat d&#8217;all\u00f2 m\u00e9s b\u00e9 ballant i cantant!<\/p>\n<p>Moltes felicitats Conillets! \ud83d\ude18\ud83c\udf82\ud83d\udc30<\/p>\n<p><a href=\"https:\/\/photos.app.goo.gl\/99Dj1sfjhyn9zM379\"><img loading=\"lazy\" decoding=\"async\" class=\"alignnone wp-image-5256 size-large\" src=\"https:\/\/agora.xtec.cat\/escolagaudisabadell\/wp-content\/uploads\/usu1563\/2022\/06\/IMG_2888-1024x768.jpeg\" alt=\"\" width=\"1024\" height=\"768\" srcset=\"https:\/\/agora.xtec.cat\/escolagaudisabadell\/wp-content\/uploads\/usu1563\/2022\/06\/IMG_2888-1024x768.jpeg 1024w, https:\/\/agora.xtec.cat\/escolagaudisabadell\/wp-content\/uploads\/usu1563\/2022\/06\/IMG_2888-300x225.jpeg 300w, https:\/\/agora.xtec.cat\/escolagaudisabadell\/wp-content\/uploads\/usu1563\/2022\/06\/IMG_2888-768x576.jpeg 768w, https:\/\/agora.xtec.cat\/escolagaudisabadell\/wp-content\/uploads\/usu1563\/2022\/06\/IMG_2888-1536x1152.jpeg 1536w, https:\/\/agora.xtec.cat\/escolagaudisabadell\/wp-content\/uploads\/usu1563\/2022\/06\/IMG_2888-200x150.jpeg 200w, https:\/\/agora.xtec.cat\/escolagaudisabadell\/wp-content\/uploads\/usu1563\/2022\/06\/IMG_2888.jpeg 2048w\" sizes=\"auto, (max-width: 1024px) 100vw, 1024px\" \/><\/a><\/p>\n","protected":false},"excerpt":{"rendered":"<p>Avui hem celebrat els aniversaris dels nens i nenes que fan 5 anys aquest estiu!<br \/>\nEns ho hem passat d&#8217;all\u00f2 m\u00e9s b\u00e9 ballant i cantant!<br \/>\nMoltes felicitats Conillets! \ud83d\ude18\ud83c\udf82\ud83d\udc30<br \/>\n<a href=\"https:\/\/photos.app.goo.gl\/99Dj1sfjhyn9zM379\"><\/a><\/p>\n","protected":false},"author":1,"featured_media":0,"comment_status":"open","ping_status":"closed","sticky":false,"template":"","format":"standard","meta":{"_bbp_topic_count":0,"_bbp_reply_count":0,"_bbp_total_topic_count":0,"_bbp_total_reply_count":0,"_bbp_voice_count":0,"_bbp_anonymous_reply_count":0,"_bbp_topic_count_hidden":0,"_bbp_reply_count_hidden":0,"_bbp_forum_subforum_count":0,"footnotes":""},"categories":[71,1,2,8,4],"tags":[],"class_list":["post-5255","post","type-post","status-publish","format-standard","hentry","category-fotosdescola","category-general","category-infantil","category-p4","category-portada"],"post_mailing_queue_ids":[],"_links":{"self":[{"href":"https:\/\/agora.xtec.cat\/escolagaudisabadell\/wp-json\/wp\/v2\/posts\/5255","targetHints":{"allow":["GET"]}}],"collection":[{"href":"https:\/\/agora.xtec.cat\/escolagaudisabadell\/wp-json\/wp\/v2\/posts"}],"about":[{"href":"https:\/\/agora.xtec.cat\/escolagaudisabadell\/wp-json\/wp\/v2\/types\/post"}],"author":[{"embeddable":true,"href":"https:\/\/agora.xtec.cat\/escolagaudisabadell\/wp-json\/wp\/v2\/users\/1"}],"replies":[{"embeddable":true,"href":"https:\/\/agora.xtec.cat\/escolagaudisabadell\/wp-json\/wp\/v2\/comments?post=5255"}],"version-history":[{"count":1,"href":"https:\/\/agora.xtec.cat\/escolagaudisabadell\/wp-json\/wp\/v2\/posts\/5255\/revisions"}],"predecessor-version":[{"id":5257,"href":"https:\/\/agora.xtec.cat\/escolagaudisabadell\/wp-json\/wp\/v2\/posts\/5255\/revisions\/5257"}],"wp:attachment":[{"href":"https:\/\/agora.xtec.cat\/escolagaudisabadell\/wp-json\/wp\/v2\/media?parent=5255"}],"wp:term":[{"taxonomy":"category","embeddable":true,"href":"https:\/\/agora.xtec.cat\/escolagaudisabadell\/wp-json\/wp\/v2\/categories?post=5255"},{"taxonomy":"post_tag","embeddable":true,"href":"https:\/\/agora.xtec.cat\/escolagaudisabadell\/wp-json\/wp\/v2\/tags?post=5255"}],"curies":[{"name":"wp","href":"https:\/\/api.w.org\/{rel}","templated":true}]}}