{"id":5229,"date":"2022-06-19T22:19:06","date_gmt":"2022-06-19T20:19:06","guid":{"rendered":"https:\/\/agora.xtec.cat\/escolagaudisabadell\/?p=5229"},"modified":"2022-06-19T22:19:06","modified_gmt":"2022-06-19T20:19:06","slug":"1r-acabem-els-primers-a-laigua-16-06-22","status":"publish","type":"post","link":"https:\/\/agora.xtec.cat\/escolagaudisabadell\/general\/1r-acabem-els-primers-a-laigua-16-06-22\/","title":{"rendered":"1r Acabem Els primers a l&#8217;aigua 16 06 22"},"content":{"rendered":"<p>Dijous passat va ser l&#8217;\u00faltim dia del programa <em>&#8220;Els primers a l&#8217;aigua&#8221;. <\/em>Va ser una sessi\u00f3 diferent, l\u00fadica i divertida. Amb la calor que feia ens va anar molt b\u00e9 poder-nos refrescar a les piscines exteriors del club de nataci\u00f3. Ha estat una experi\u00e8ncia molt bona i felicitem tots els nens i nenes de primer per les ganes i la il\u00b7lusi\u00f3 que han tingut al llarg de tot el curs. Aquest estiu us toca gaudir de tot el que heu apr\u00e9s a les piscines i les platges!!!<\/p>\n<p class=\"hide-if-no-js\" style=\"text-align: center\"><a id=\"set-post-thumbnail\" class=\"thickbox\" href=\"https:\/\/photos.app.goo.gl\/Z9Tt8NsDRmy1UVwc8\" aria-describedby=\"set-post-thumbnail-desc\"><img loading=\"lazy\" decoding=\"async\" class=\"attachment-266x266 alignnone\" src=\"https:\/\/agora.xtec.cat\/escolagaudisabadell\/wp-content\/uploads\/usu1563\/2022\/06\/IMG_20220616_121959-scaled.jpg\" alt=\"\" width=\"266\" height=\"200\" \/><\/a><\/p>\n","protected":false},"excerpt":{"rendered":"<p>Dijous passat va ser l&#8217;\u00faltim dia del programa &#8220;Els primers a l&#8217;aigua&#8221;. Va ser una sessi\u00f3 diferent, l\u00fadica i divertida. Amb la calor que feia ens va anar molt b\u00e9 poder-nos refrescar a les piscines exteriors del club de nataci\u00f3. Ha estat una experi\u00e8ncia molt&hellip;  <a href=\"https:\/\/agora.xtec.cat\/escolagaudisabadell\/general\/1r-acabem-els-primers-a-laigua-16-06-22\/\" title=\"Read 1r Acabem Els primers a l&#8217;aigua 16 06 22\">Llegeix m\u00e9s\u00bb<\/a><\/p>\n","protected":false},"author":3,"featured_media":5230,"comment_status":"closed","ping_status":"closed","sticky":false,"template":"","format":"standard","meta":{"_bbp_topic_count":0,"_bbp_reply_count":0,"_bbp_total_topic_count":0,"_bbp_total_reply_count":0,"_bbp_voice_count":0,"_bbp_anonymous_reply_count":0,"_bbp_topic_count_hidden":0,"_bbp_reply_count_hidden":0,"_bbp_forum_subforum_count":0,"footnotes":""},"categories":[10,1,4],"tags":[],"class_list":["post-5229","post","type-post","status-publish","format-standard","has-post-thumbnail","hentry","category-1r","category-general","category-portada"],"post_mailing_queue_ids":[],"_links":{"self":[{"href":"https:\/\/agora.xtec.cat\/escolagaudisabadell\/wp-json\/wp\/v2\/posts\/5229","targetHints":{"allow":["GET"]}}],"collection":[{"href":"https:\/\/agora.xtec.cat\/escolagaudisabadell\/wp-json\/wp\/v2\/posts"}],"about":[{"href":"https:\/\/agora.xtec.cat\/escolagaudisabadell\/wp-json\/wp\/v2\/types\/post"}],"author":[{"embeddable":true,"href":"https:\/\/agora.xtec.cat\/escolagaudisabadell\/wp-json\/wp\/v2\/users\/3"}],"replies":[{"embeddable":true,"href":"https:\/\/agora.xtec.cat\/escolagaudisabadell\/wp-json\/wp\/v2\/comments?post=5229"}],"version-history":[{"count":1,"href":"https:\/\/agora.xtec.cat\/escolagaudisabadell\/wp-json\/wp\/v2\/posts\/5229\/revisions"}],"predecessor-version":[{"id":5231,"href":"https:\/\/agora.xtec.cat\/escolagaudisabadell\/wp-json\/wp\/v2\/posts\/5229\/revisions\/5231"}],"wp:featuredmedia":[{"embeddable":true,"href":"https:\/\/agora.xtec.cat\/escolagaudisabadell\/wp-json\/wp\/v2\/media\/5230"}],"wp:attachment":[{"href":"https:\/\/agora.xtec.cat\/escolagaudisabadell\/wp-json\/wp\/v2\/media?parent=5229"}],"wp:term":[{"taxonomy":"category","embeddable":true,"href":"https:\/\/agora.xtec.cat\/escolagaudisabadell\/wp-json\/wp\/v2\/categories?post=5229"},{"taxonomy":"post_tag","embeddable":true,"href":"https:\/\/agora.xtec.cat\/escolagaudisabadell\/wp-json\/wp\/v2\/tags?post=5229"}],"curies":[{"name":"wp","href":"https:\/\/api.w.org\/{rel}","templated":true}]}}