{"id":5196,"date":"2022-06-09T13:40:55","date_gmt":"2022-06-09T11:40:55","guid":{"rendered":"https:\/\/agora.xtec.cat\/escolagaudisabadell\/?p=5196"},"modified":"2022-06-09T13:40:55","modified_gmt":"2022-06-09T11:40:55","slug":"4t-treballem-la-diversitat-17-05-22","status":"publish","type":"post","link":"https:\/\/agora.xtec.cat\/escolagaudisabadell\/portada\/4t-treballem-la-diversitat-17-05-22\/","title":{"rendered":"4t Treballem la Diversitat 17 05 22"},"content":{"rendered":"<p>Hola fam\u00edlies!<\/p>\n<p>L&#8217;alumnat de 4t va treballar el concepte diversitat i els 3 tipus de diversitat que trobem.<\/p>\n<p>Segur que si els pregunteu saben respondre molt b\u00e9\ud83e\udd13<\/p>\n<blockquote><p><em>&#8220;La diversitat ens permet distingirnos uns d&#8217;altres. Ens fa diferents la llengua que parlem, les nostres tradicions, el color de la nostra pell&#8230; per\u00f2 aix\u00f2 no ens fa pitjors ni millors, sin\u00f3 \u00fanics.&#8221;<\/em><\/p><\/blockquote>\n<p><a href=\"https:\/\/photos.app.goo.gl\/NTSzjDa2uYr5DCyc8\"><img loading=\"lazy\" decoding=\"async\" class=\"aligncenter size-medium wp-image-5197\" src=\"https:\/\/agora.xtec.cat\/escolagaudisabadell\/wp-content\/uploads\/usu1563\/2022\/06\/Sin-titulo-300x198.png\" alt=\"\" width=\"300\" height=\"198\" srcset=\"https:\/\/agora.xtec.cat\/escolagaudisabadell\/wp-content\/uploads\/usu1563\/2022\/06\/Sin-titulo-300x198.png 300w, https:\/\/agora.xtec.cat\/escolagaudisabadell\/wp-content\/uploads\/usu1563\/2022\/06\/Sin-titulo.png 413w\" sizes=\"auto, (max-width: 300px) 100vw, 300px\" \/><\/a><\/p>\n<p>Si punxeu la imatge podreu veure la feina que van fer en grup\ud83e\udd17<\/p>\n<p>Vam gaudir i vam aprendre, totes dues coses alhora.<\/p>\n","protected":false},"excerpt":{"rendered":"<p>Hola fam\u00edlies!<br \/>\nL&#8217;alumnat de 4t va treballar el concepte diversitat i els 3 tipus de diversitat que trobem.<br \/>\nSegur que si els pregunteu saben respondre molt b\u00e9\ud83e\udd13<br \/>\n&#8220;La diversitat ens permet distingirnos uns d&#8217;altres. Ens fa diferents la llengua que parlem, les nostres tradicions, el color de la&hellip;  <a href=\"https:\/\/agora.xtec.cat\/escolagaudisabadell\/portada\/4t-treballem-la-diversitat-17-05-22\/\" title=\"Read 4t Treballem la Diversitat 17 05 22\">Llegeix m\u00e9s\u00bb<\/a><\/p>\n","protected":false},"author":1,"featured_media":0,"comment_status":"closed","ping_status":"closed","sticky":false,"template":"","format":"standard","meta":{"_bbp_topic_count":0,"_bbp_reply_count":0,"_bbp_total_topic_count":0,"_bbp_total_reply_count":0,"_bbp_voice_count":0,"_bbp_anonymous_reply_count":0,"_bbp_topic_count_hidden":0,"_bbp_reply_count_hidden":0,"_bbp_forum_subforum_count":0,"footnotes":""},"categories":[13,4],"tags":[],"class_list":["post-5196","post","type-post","status-publish","format-standard","hentry","category-4t","category-portada"],"post_mailing_queue_ids":[],"_links":{"self":[{"href":"https:\/\/agora.xtec.cat\/escolagaudisabadell\/wp-json\/wp\/v2\/posts\/5196","targetHints":{"allow":["GET"]}}],"collection":[{"href":"https:\/\/agora.xtec.cat\/escolagaudisabadell\/wp-json\/wp\/v2\/posts"}],"about":[{"href":"https:\/\/agora.xtec.cat\/escolagaudisabadell\/wp-json\/wp\/v2\/types\/post"}],"author":[{"embeddable":true,"href":"https:\/\/agora.xtec.cat\/escolagaudisabadell\/wp-json\/wp\/v2\/users\/1"}],"replies":[{"embeddable":true,"href":"https:\/\/agora.xtec.cat\/escolagaudisabadell\/wp-json\/wp\/v2\/comments?post=5196"}],"version-history":[{"count":1,"href":"https:\/\/agora.xtec.cat\/escolagaudisabadell\/wp-json\/wp\/v2\/posts\/5196\/revisions"}],"predecessor-version":[{"id":5198,"href":"https:\/\/agora.xtec.cat\/escolagaudisabadell\/wp-json\/wp\/v2\/posts\/5196\/revisions\/5198"}],"wp:attachment":[{"href":"https:\/\/agora.xtec.cat\/escolagaudisabadell\/wp-json\/wp\/v2\/media?parent=5196"}],"wp:term":[{"taxonomy":"category","embeddable":true,"href":"https:\/\/agora.xtec.cat\/escolagaudisabadell\/wp-json\/wp\/v2\/categories?post=5196"},{"taxonomy":"post_tag","embeddable":true,"href":"https:\/\/agora.xtec.cat\/escolagaudisabadell\/wp-json\/wp\/v2\/tags?post=5196"}],"curies":[{"name":"wp","href":"https:\/\/api.w.org\/{rel}","templated":true}]}}