{"id":5172,"date":"2022-06-05T21:11:22","date_gmt":"2022-06-05T19:11:22","guid":{"rendered":"https:\/\/agora.xtec.cat\/escolagaudisabadell\/?p=5172"},"modified":"2022-06-05T21:11:22","modified_gmt":"2022-06-05T19:11:22","slug":"ei_ci-trobada-literaria-02-06-22","status":"publish","type":"post","link":"https:\/\/agora.xtec.cat\/escolagaudisabadell\/general\/ei_ci-trobada-literaria-02-06-22\/","title":{"rendered":"EI_CI Trobada liter\u00e0ria 02 06 22"},"content":{"rendered":"<p>El dijous 2 de juny els nens i les nenes d&#8217;educaci\u00f3 infantil i cicle inicial vam celebrar l&#8217;\u00faltima trobada liter\u00e0ria d&#8217;aquest curs. En aquesta ocasi\u00f3, els textos po\u00e8tics eren lliures i es van recitar endevinalles, poemes i can\u00e7ons. Va ser una trobada especial perqu\u00e8 l&#8217;alumnat de segon s&#8217;acomiadava d&#8217;aquesta activitat. Volem felicitar a tots els nens i nenes per la feina feta al llarg de tot el curs!!<\/p>\n<p>Animeu-vos aquest estiu a seguir llegint i jugant amb textos po\u00e8tics com les endevinalles, els rodolins, les dites i poemes que trobareu als llibres!<\/p>\n<p class=\"hide-if-no-js\" style=\"text-align: center\"><a id=\"set-post-thumbnail\" class=\"thickbox\" href=\"https:\/\/photos.app.goo.gl\/porYWiLKDeVA6LdA7\" aria-describedby=\"set-post-thumbnail-desc\"><img loading=\"lazy\" decoding=\"async\" class=\"attachment-266x266 size-266x266\" src=\"https:\/\/agora.xtec.cat\/escolagaudisabadell\/wp-content\/uploads\/usu1563\/2022\/06\/IMG_20220602_092234-scaled.jpg\" alt=\"\" width=\"266\" height=\"200\" \/><\/a><\/p>\n","protected":false},"excerpt":{"rendered":"<p>El dijous 2 de juny els nens i les nenes d&#8217;educaci\u00f3 infantil i cicle inicial vam celebrar l&#8217;\u00faltima trobada liter\u00e0ria d&#8217;aquest curs. En aquesta ocasi\u00f3, els textos po\u00e8tics eren lliures i es van recitar endevinalles, poemes i can\u00e7ons. Va ser una trobada especial perqu\u00e8 l&#8217;alumnat&hellip;  <a href=\"https:\/\/agora.xtec.cat\/escolagaudisabadell\/general\/ei_ci-trobada-literaria-02-06-22\/\" title=\"Read EI_CI Trobada liter\u00e0ria 02 06 22\">Llegeix m\u00e9s\u00bb<\/a><\/p>\n","protected":false},"author":3,"featured_media":5173,"comment_status":"closed","ping_status":"closed","sticky":false,"template":"","format":"standard","meta":{"_bbp_topic_count":0,"_bbp_reply_count":0,"_bbp_total_topic_count":0,"_bbp_total_reply_count":0,"_bbp_voice_count":0,"_bbp_anonymous_reply_count":0,"_bbp_topic_count_hidden":0,"_bbp_reply_count_hidden":0,"_bbp_forum_subforum_count":0,"footnotes":""},"categories":[10,11,1,2,4],"tags":[],"class_list":["post-5172","post","type-post","status-publish","format-standard","has-post-thumbnail","hentry","category-1r","category-2n","category-general","category-infantil","category-portada"],"post_mailing_queue_ids":[],"_links":{"self":[{"href":"https:\/\/agora.xtec.cat\/escolagaudisabadell\/wp-json\/wp\/v2\/posts\/5172","targetHints":{"allow":["GET"]}}],"collection":[{"href":"https:\/\/agora.xtec.cat\/escolagaudisabadell\/wp-json\/wp\/v2\/posts"}],"about":[{"href":"https:\/\/agora.xtec.cat\/escolagaudisabadell\/wp-json\/wp\/v2\/types\/post"}],"author":[{"embeddable":true,"href":"https:\/\/agora.xtec.cat\/escolagaudisabadell\/wp-json\/wp\/v2\/users\/3"}],"replies":[{"embeddable":true,"href":"https:\/\/agora.xtec.cat\/escolagaudisabadell\/wp-json\/wp\/v2\/comments?post=5172"}],"version-history":[{"count":1,"href":"https:\/\/agora.xtec.cat\/escolagaudisabadell\/wp-json\/wp\/v2\/posts\/5172\/revisions"}],"predecessor-version":[{"id":5174,"href":"https:\/\/agora.xtec.cat\/escolagaudisabadell\/wp-json\/wp\/v2\/posts\/5172\/revisions\/5174"}],"wp:featuredmedia":[{"embeddable":true,"href":"https:\/\/agora.xtec.cat\/escolagaudisabadell\/wp-json\/wp\/v2\/media\/5173"}],"wp:attachment":[{"href":"https:\/\/agora.xtec.cat\/escolagaudisabadell\/wp-json\/wp\/v2\/media?parent=5172"}],"wp:term":[{"taxonomy":"category","embeddable":true,"href":"https:\/\/agora.xtec.cat\/escolagaudisabadell\/wp-json\/wp\/v2\/categories?post=5172"},{"taxonomy":"post_tag","embeddable":true,"href":"https:\/\/agora.xtec.cat\/escolagaudisabadell\/wp-json\/wp\/v2\/tags?post=5172"}],"curies":[{"name":"wp","href":"https:\/\/api.w.org\/{rel}","templated":true}]}}