{"id":5163,"date":"2022-06-04T12:00:14","date_gmt":"2022-06-04T10:00:14","guid":{"rendered":"https:\/\/agora.xtec.cat\/escolagaudisabadell\/?p=5163"},"modified":"2022-06-14T14:24:39","modified_gmt":"2022-06-14T12:24:39","slug":"6e-futbol-sala","status":"publish","type":"post","link":"https:\/\/agora.xtec.cat\/escolagaudisabadell\/general\/6e-futbol-sala\/","title":{"rendered":"6\u00e8 Futbol sala"},"content":{"rendered":"<p>Durant la setmana del 30 de maig al 3 de juny alguns entrenadors del club F\u00e8nix FS ens van fer una sessi\u00f3 d&#8217;iniciaci\u00f3 al futbol sala pels alumnes de 2n a 6\u00e8 de prim\u00e0ria.<\/p>\n<p>Si alguna fam\u00edlia est\u00e0 interessada que es posi en contacte amb l&#8217;AMPA.<\/p>\n<p>Aqu\u00ed teniu les fotos del grup de 6\u00e8.<\/p>\n<p class=\"hide-if-no-js\"><a id=\"set-post-thumbnail\" class=\"thickbox\" href=\"https:\/\/photos.app.goo.gl\/BufpebgaYhf8Q79e8\" aria-describedby=\"set-post-thumbnail-desc\"><img loading=\"lazy\" decoding=\"async\" class=\"attachment-266x266 size-266x266 aligncenter\" src=\"https:\/\/agora.xtec.cat\/escolagaudisabadell\/wp-content\/uploads\/usu1563\/2022\/06\/IMG_20220601_151734.jpg\" alt=\"\" width=\"266\" height=\"200\" \/><\/a><\/p>\n","protected":false},"excerpt":{"rendered":"<p>Durant la setmana del 30 de maig al 3 de juny alguns entrenadors del club F\u00e8nix FS ens van fer una sessi\u00f3 d&#8217;iniciaci\u00f3 al futbol sala pels alumnes de 2n a 6\u00e8 de prim\u00e0ria.<br \/>\nSi alguna fam\u00edlia est\u00e0 interessada que es posi en contacte amb l&#8217;AMPA.<br \/>\nAqu\u00ed&hellip;  <a href=\"https:\/\/agora.xtec.cat\/escolagaudisabadell\/general\/6e-futbol-sala\/\" title=\"Read 6\u00e8 Futbol sala\">Llegeix m\u00e9s\u00bb<\/a><\/p>\n","protected":false},"author":1,"featured_media":5217,"comment_status":"open","ping_status":"closed","sticky":false,"template":"","format":"standard","meta":{"_bbp_topic_count":0,"_bbp_reply_count":0,"_bbp_total_topic_count":0,"_bbp_total_reply_count":0,"_bbp_voice_count":0,"_bbp_anonymous_reply_count":0,"_bbp_topic_count_hidden":0,"_bbp_reply_count_hidden":0,"_bbp_forum_subforum_count":0,"footnotes":""},"categories":[15,1,4,5],"tags":[],"class_list":["post-5163","post","type-post","status-publish","format-standard","has-post-thumbnail","hentry","category-6e","category-general","category-portada","category-primaria"],"post_mailing_queue_ids":[],"_links":{"self":[{"href":"https:\/\/agora.xtec.cat\/escolagaudisabadell\/wp-json\/wp\/v2\/posts\/5163","targetHints":{"allow":["GET"]}}],"collection":[{"href":"https:\/\/agora.xtec.cat\/escolagaudisabadell\/wp-json\/wp\/v2\/posts"}],"about":[{"href":"https:\/\/agora.xtec.cat\/escolagaudisabadell\/wp-json\/wp\/v2\/types\/post"}],"author":[{"embeddable":true,"href":"https:\/\/agora.xtec.cat\/escolagaudisabadell\/wp-json\/wp\/v2\/users\/1"}],"replies":[{"embeddable":true,"href":"https:\/\/agora.xtec.cat\/escolagaudisabadell\/wp-json\/wp\/v2\/comments?post=5163"}],"version-history":[{"count":3,"href":"https:\/\/agora.xtec.cat\/escolagaudisabadell\/wp-json\/wp\/v2\/posts\/5163\/revisions"}],"predecessor-version":[{"id":5218,"href":"https:\/\/agora.xtec.cat\/escolagaudisabadell\/wp-json\/wp\/v2\/posts\/5163\/revisions\/5218"}],"wp:featuredmedia":[{"embeddable":true,"href":"https:\/\/agora.xtec.cat\/escolagaudisabadell\/wp-json\/wp\/v2\/media\/5217"}],"wp:attachment":[{"href":"https:\/\/agora.xtec.cat\/escolagaudisabadell\/wp-json\/wp\/v2\/media?parent=5163"}],"wp:term":[{"taxonomy":"category","embeddable":true,"href":"https:\/\/agora.xtec.cat\/escolagaudisabadell\/wp-json\/wp\/v2\/categories?post=5163"},{"taxonomy":"post_tag","embeddable":true,"href":"https:\/\/agora.xtec.cat\/escolagaudisabadell\/wp-json\/wp\/v2\/tags?post=5163"}],"curies":[{"name":"wp","href":"https:\/\/api.w.org\/{rel}","templated":true}]}}