{"id":5157,"date":"2022-06-04T11:50:52","date_gmt":"2022-06-04T09:50:52","guid":{"rendered":"https:\/\/agora.xtec.cat\/escolagaudisabadell\/?p=5157"},"modified":"2022-06-14T16:24:22","modified_gmt":"2022-06-14T14:24:22","slug":"4t-futbol-sala","status":"publish","type":"post","link":"https:\/\/agora.xtec.cat\/escolagaudisabadell\/general\/4t-futbol-sala\/","title":{"rendered":"4t Futbol sala"},"content":{"rendered":"<p>Durant la setmana del 30 de maig al 3 de juny alguns entrenadors del club F\u00e8nix FS ens van fer una sessi\u00f3 d&#8217;iniciaci\u00f3 al futbol sala pels alumnes de 2n a 6\u00e8 de prim\u00e0ria.<\/p>\n<p>Si alguna fam\u00edlia est\u00e0 interessada que es posi en contacte amb l&#8217;AMPA.<\/p>\n<p>Aqu\u00ed teniu les fotos del grup de 4t.<\/p>\n<p><a href=\"https:\/\/photos.app.goo.gl\/zBnqYzwMTaXaoTv36\"><img loading=\"lazy\" decoding=\"async\" class=\"aligncenter\" src=\"https:\/\/lh3.googleusercontent.com\/Du5FX2_MiUeDTynSz3IZFNjMCp8trm1GcSJCsNc92aAywgVRuF0LlTs2LdDJ3xPbKUIhzhPWsLFJ_sZAi1mix_qH_NaSl6Y6TOWrJ_hQrx4CcLDoaUJs2at8EWpv-cFWelfsnBkGYrgHjzruTyerznFuU1wsIWQocdypvxTscmLKzWbiIgtZUkgfVD-aCKJs5-qwX_pDsUlN60SUCzomwNKsZY5I915DszU5I1tblDcg3J-X90_dIvR1OY-uf-FaUJDu80ihQYj0ezRt0tgAgKCmZOiRo4s-rH2pbdWNN2gtHdzdsyu5qIe_MN9aN36zPhY5pTapuixwQO_lBdllZEWNVnyuFJhhhdV1BwHroYH1z1DFj88HV5VVc2_t0_6NaKgnjGUsTor6HC_-waqRlSqf_S42iejqljn4DMeqp2TKIq_g0FF5F5jQhTuzh73Yv5tDg7726EyZxKSzTz9GBxye8JTbzIYxvw9d0V-1YmbBDcRV-d40DHT7TR4x_PzedoWMqiY-FtP5VEB1i88Cr9BMTSBjhKcnqORWwZnd7CO2UBgYAcUAQE_2BYNkfceFqk8rdr_4nLunEg5I-t9w5mYg9KwZLpmlMl-hIBh-IPjCoXWPsOa5qbyxUhVAmE4ZrD2tQTzLUSfLMMnSm_nm6b8GfyS9M0UtEoTgkqa7d-i1bQkWr7JdpSxMVneNiwMwfKPiCJQo_59L5lVekIdJRlmDxOQd7Mn1eRwmtLasFWdUH0KupJ76PNtg4Us=w1155-h866-no?authuser=0\" width=\"330\" height=\"247\" \/><\/a><\/p>\n","protected":false},"excerpt":{"rendered":"<p>Durant la setmana del 30 de maig al 3 de juny alguns entrenadors del club F\u00e8nix FS ens van fer una sessi\u00f3 d&#8217;iniciaci\u00f3 al futbol sala pels alumnes de 2n a 6\u00e8 de prim\u00e0ria.<br \/>\nSi alguna fam\u00edlia est\u00e0 interessada que es posi en contacte amb l&#8217;AMPA.<br \/>\nAqu\u00ed&hellip;  <a href=\"https:\/\/agora.xtec.cat\/escolagaudisabadell\/general\/4t-futbol-sala\/\" title=\"Read 4t Futbol sala\">Llegeix m\u00e9s\u00bb<\/a><\/p>\n","protected":false},"author":1,"featured_media":5220,"comment_status":"open","ping_status":"closed","sticky":false,"template":"","format":"standard","meta":{"_bbp_topic_count":0,"_bbp_reply_count":0,"_bbp_total_topic_count":0,"_bbp_total_reply_count":0,"_bbp_voice_count":0,"_bbp_anonymous_reply_count":0,"_bbp_topic_count_hidden":0,"_bbp_reply_count_hidden":0,"_bbp_forum_subforum_count":0,"footnotes":""},"categories":[13,1,4,5],"tags":[],"class_list":["post-5157","post","type-post","status-publish","format-standard","has-post-thumbnail","hentry","category-4t","category-general","category-portada","category-primaria"],"post_mailing_queue_ids":[],"_links":{"self":[{"href":"https:\/\/agora.xtec.cat\/escolagaudisabadell\/wp-json\/wp\/v2\/posts\/5157","targetHints":{"allow":["GET"]}}],"collection":[{"href":"https:\/\/agora.xtec.cat\/escolagaudisabadell\/wp-json\/wp\/v2\/posts"}],"about":[{"href":"https:\/\/agora.xtec.cat\/escolagaudisabadell\/wp-json\/wp\/v2\/types\/post"}],"author":[{"embeddable":true,"href":"https:\/\/agora.xtec.cat\/escolagaudisabadell\/wp-json\/wp\/v2\/users\/1"}],"replies":[{"embeddable":true,"href":"https:\/\/agora.xtec.cat\/escolagaudisabadell\/wp-json\/wp\/v2\/comments?post=5157"}],"version-history":[{"count":3,"href":"https:\/\/agora.xtec.cat\/escolagaudisabadell\/wp-json\/wp\/v2\/posts\/5157\/revisions"}],"predecessor-version":[{"id":5221,"href":"https:\/\/agora.xtec.cat\/escolagaudisabadell\/wp-json\/wp\/v2\/posts\/5157\/revisions\/5221"}],"wp:featuredmedia":[{"embeddable":true,"href":"https:\/\/agora.xtec.cat\/escolagaudisabadell\/wp-json\/wp\/v2\/media\/5220"}],"wp:attachment":[{"href":"https:\/\/agora.xtec.cat\/escolagaudisabadell\/wp-json\/wp\/v2\/media?parent=5157"}],"wp:term":[{"taxonomy":"category","embeddable":true,"href":"https:\/\/agora.xtec.cat\/escolagaudisabadell\/wp-json\/wp\/v2\/categories?post=5157"},{"taxonomy":"post_tag","embeddable":true,"href":"https:\/\/agora.xtec.cat\/escolagaudisabadell\/wp-json\/wp\/v2\/tags?post=5157"}],"curies":[{"name":"wp","href":"https:\/\/api.w.org\/{rel}","templated":true}]}}