{"id":5131,"date":"2022-05-30T13:45:40","date_gmt":"2022-05-30T11:45:40","guid":{"rendered":"https:\/\/agora.xtec.cat\/escolagaudisabadell\/?p=5131"},"modified":"2022-05-30T13:45:40","modified_gmt":"2022-05-30T11:45:40","slug":"colonies-curs-21-22-el-collell","status":"publish","type":"post","link":"https:\/\/agora.xtec.cat\/escolagaudisabadell\/general\/colonies-curs-21-22-el-collell\/","title":{"rendered":"Col\u00f2nies curs 21-22 El Collell"},"content":{"rendered":"<p>Benvolgudes fam\u00edlies,<\/p>\n<p>aqu\u00ed teniu tot el recull de fotos i v\u00eddeos dels vostres fills i filles de les Col\u00f2nies &#8220;El Collell&#8221; curs 2021-2022.<\/p>\n<p>Esperem que us agradin!<a href=\"https:\/\/photos.app.goo.gl\/17mYLvM1H9NYfSSCA\"><img loading=\"lazy\" decoding=\"async\" class=\"wp-image-5132 aligncenter\" src=\"https:\/\/agora.xtec.cat\/escolagaudisabadell\/wp-content\/uploads\/usu1563\/2022\/05\/portada-5-1024x768.jpg\" alt=\"\" width=\"939\" height=\"704\" srcset=\"https:\/\/agora.xtec.cat\/escolagaudisabadell\/wp-content\/uploads\/usu1563\/2022\/05\/portada-5-1024x768.jpg 1024w, https:\/\/agora.xtec.cat\/escolagaudisabadell\/wp-content\/uploads\/usu1563\/2022\/05\/portada-5-300x225.jpg 300w, https:\/\/agora.xtec.cat\/escolagaudisabadell\/wp-content\/uploads\/usu1563\/2022\/05\/portada-5-768x576.jpg 768w, https:\/\/agora.xtec.cat\/escolagaudisabadell\/wp-content\/uploads\/usu1563\/2022\/05\/portada-5-200x150.jpg 200w, https:\/\/agora.xtec.cat\/escolagaudisabadell\/wp-content\/uploads\/usu1563\/2022\/05\/portada-5.jpg 1332w\" sizes=\"auto, (max-width: 939px) 100vw, 939px\" \/><\/a><\/p>\n<p>Agafeu crispetes i gaudiu!!<\/p>\n","protected":false},"excerpt":{"rendered":"<p>Benvolgudes fam\u00edlies,<br \/>\naqu\u00ed teniu tot el recull de fotos i v\u00eddeos dels vostres fills i filles de les Col\u00f2nies &#8220;El Collell&#8221; curs 2021-2022.<br \/>\nEsperem que us agradin!<a href=\"https:\/\/photos.app.goo.gl\/17mYLvM1H9NYfSSCA\"><\/a><br \/>\nAgafeu crispetes i gaudiu!!<\/p>\n","protected":false},"author":12,"featured_media":0,"comment_status":"open","ping_status":"closed","sticky":false,"template":"","format":"standard","meta":{"_bbp_topic_count":0,"_bbp_reply_count":0,"_bbp_total_topic_count":0,"_bbp_total_reply_count":0,"_bbp_voice_count":0,"_bbp_anonymous_reply_count":0,"_bbp_topic_count_hidden":0,"_bbp_reply_count_hidden":0,"_bbp_forum_subforum_count":0,"footnotes":""},"categories":[10,11,12,13,14,15,71,1,4,5],"tags":[],"class_list":["post-5131","post","type-post","status-publish","format-standard","hentry","category-1r","category-2n","category-3r","category-4t","category-5e","category-6e","category-fotosdescola","category-general","category-portada","category-primaria"],"post_mailing_queue_ids":[],"_links":{"self":[{"href":"https:\/\/agora.xtec.cat\/escolagaudisabadell\/wp-json\/wp\/v2\/posts\/5131","targetHints":{"allow":["GET"]}}],"collection":[{"href":"https:\/\/agora.xtec.cat\/escolagaudisabadell\/wp-json\/wp\/v2\/posts"}],"about":[{"href":"https:\/\/agora.xtec.cat\/escolagaudisabadell\/wp-json\/wp\/v2\/types\/post"}],"author":[{"embeddable":true,"href":"https:\/\/agora.xtec.cat\/escolagaudisabadell\/wp-json\/wp\/v2\/users\/12"}],"replies":[{"embeddable":true,"href":"https:\/\/agora.xtec.cat\/escolagaudisabadell\/wp-json\/wp\/v2\/comments?post=5131"}],"version-history":[{"count":1,"href":"https:\/\/agora.xtec.cat\/escolagaudisabadell\/wp-json\/wp\/v2\/posts\/5131\/revisions"}],"predecessor-version":[{"id":5133,"href":"https:\/\/agora.xtec.cat\/escolagaudisabadell\/wp-json\/wp\/v2\/posts\/5131\/revisions\/5133"}],"wp:attachment":[{"href":"https:\/\/agora.xtec.cat\/escolagaudisabadell\/wp-json\/wp\/v2\/media?parent=5131"}],"wp:term":[{"taxonomy":"category","embeddable":true,"href":"https:\/\/agora.xtec.cat\/escolagaudisabadell\/wp-json\/wp\/v2\/categories?post=5131"},{"taxonomy":"post_tag","embeddable":true,"href":"https:\/\/agora.xtec.cat\/escolagaudisabadell\/wp-json\/wp\/v2\/tags?post=5131"}],"curies":[{"name":"wp","href":"https:\/\/api.w.org\/{rel}","templated":true}]}}