{"id":5123,"date":"2022-05-28T14:30:29","date_gmt":"2022-05-28T12:30:29","guid":{"rendered":"https:\/\/agora.xtec.cat\/escolagaudisabadell\/?p=5123"},"modified":"2022-05-28T14:53:47","modified_gmt":"2022-05-28T12:53:47","slug":"investiguem-sobre-kandinsky","status":"publish","type":"post","link":"https:\/\/agora.xtec.cat\/escolagaudisabadell\/general\/investiguem-sobre-kandinsky\/","title":{"rendered":"Investiguem sobre Kandinsky"},"content":{"rendered":"<p>Avui hem investigat una mica sobre la vida de <strong>Kandinsky<\/strong> i les seves obres. Hem descobert que a Kandinsky li agradava molt utilitzar figures geom\u00e8triques a les seves obres i utilitzar una gran varietat de colors. La m\u00fasica li encantava, i sempre li acompanyava en la reproducci\u00f3 de les seves obres.<\/p>\n<p>Hem vist diferents obres de Kandinsky i hem buscat totes aquelles figures geom\u00e8triques que coneixem. Com som uns grans artistites, hem decidit transformar-nos en petits Kandinskyns i reproduir una de les seves obres on fa servir el cercle.<\/p>\n<p><a href=\"https:\/\/photos.app.goo.gl\/xk2YMe1aBEsojSRH9\"><img loading=\"lazy\" decoding=\"async\" class=\"alignnone wp-image-5126 size-large\" src=\"https:\/\/agora.xtec.cat\/escolagaudisabadell\/wp-content\/uploads\/usu1563\/2022\/05\/IMG_2046-min-1-771x1024.jpg\" alt=\"\" width=\"771\" height=\"1024\" srcset=\"https:\/\/agora.xtec.cat\/escolagaudisabadell\/wp-content\/uploads\/usu1563\/2022\/05\/IMG_2046-min-1-771x1024.jpg 771w, https:\/\/agora.xtec.cat\/escolagaudisabadell\/wp-content\/uploads\/usu1563\/2022\/05\/IMG_2046-min-1-226x300.jpg 226w, https:\/\/agora.xtec.cat\/escolagaudisabadell\/wp-content\/uploads\/usu1563\/2022\/05\/IMG_2046-min-1-768x1020.jpg 768w, https:\/\/agora.xtec.cat\/escolagaudisabadell\/wp-content\/uploads\/usu1563\/2022\/05\/IMG_2046-min-1-1157x1536.jpg 1157w, https:\/\/agora.xtec.cat\/escolagaudisabadell\/wp-content\/uploads\/usu1563\/2022\/05\/IMG_2046-min-1-1542x2048.jpg 1542w, https:\/\/agora.xtec.cat\/escolagaudisabadell\/wp-content\/uploads\/usu1563\/2022\/05\/IMG_2046-min-1-scaled.jpg 1928w\" sizes=\"auto, (max-width: 771px) 100vw, 771px\" \/><\/a><\/p>\n","protected":false},"excerpt":{"rendered":"<p>Avui hem investigat una mica sobre la vida de Kandinsky i les seves obres. Hem descobert que a Kandinsky li agradava molt utilitzar figures geom\u00e8triques a les seves obres i utilitzar una gran varietat de colors. La m\u00fasica li encantava, i sempre li acompanyava en&hellip;  <a href=\"https:\/\/agora.xtec.cat\/escolagaudisabadell\/general\/investiguem-sobre-kandinsky\/\" title=\"Read Investiguem sobre Kandinsky\">Llegeix m\u00e9s\u00bb<\/a><\/p>\n","protected":false},"author":1,"featured_media":0,"comment_status":"open","ping_status":"closed","sticky":false,"template":"","format":"standard","meta":{"_bbp_topic_count":0,"_bbp_reply_count":0,"_bbp_total_topic_count":0,"_bbp_total_reply_count":0,"_bbp_voice_count":0,"_bbp_anonymous_reply_count":0,"_bbp_topic_count_hidden":0,"_bbp_reply_count_hidden":0,"_bbp_forum_subforum_count":0,"footnotes":""},"categories":[71,1,2,8,4],"tags":[],"class_list":["post-5123","post","type-post","status-publish","format-standard","hentry","category-fotosdescola","category-general","category-infantil","category-p4","category-portada"],"post_mailing_queue_ids":[],"_links":{"self":[{"href":"https:\/\/agora.xtec.cat\/escolagaudisabadell\/wp-json\/wp\/v2\/posts\/5123","targetHints":{"allow":["GET"]}}],"collection":[{"href":"https:\/\/agora.xtec.cat\/escolagaudisabadell\/wp-json\/wp\/v2\/posts"}],"about":[{"href":"https:\/\/agora.xtec.cat\/escolagaudisabadell\/wp-json\/wp\/v2\/types\/post"}],"author":[{"embeddable":true,"href":"https:\/\/agora.xtec.cat\/escolagaudisabadell\/wp-json\/wp\/v2\/users\/1"}],"replies":[{"embeddable":true,"href":"https:\/\/agora.xtec.cat\/escolagaudisabadell\/wp-json\/wp\/v2\/comments?post=5123"}],"version-history":[{"count":3,"href":"https:\/\/agora.xtec.cat\/escolagaudisabadell\/wp-json\/wp\/v2\/posts\/5123\/revisions"}],"predecessor-version":[{"id":5128,"href":"https:\/\/agora.xtec.cat\/escolagaudisabadell\/wp-json\/wp\/v2\/posts\/5123\/revisions\/5128"}],"wp:attachment":[{"href":"https:\/\/agora.xtec.cat\/escolagaudisabadell\/wp-json\/wp\/v2\/media?parent=5123"}],"wp:term":[{"taxonomy":"category","embeddable":true,"href":"https:\/\/agora.xtec.cat\/escolagaudisabadell\/wp-json\/wp\/v2\/categories?post=5123"},{"taxonomy":"post_tag","embeddable":true,"href":"https:\/\/agora.xtec.cat\/escolagaudisabadell\/wp-json\/wp\/v2\/tags?post=5123"}],"curies":[{"name":"wp","href":"https:\/\/api.w.org\/{rel}","templated":true}]}}