{"id":4987,"date":"2022-05-11T14:41:31","date_gmt":"2022-05-11T12:41:31","guid":{"rendered":"https:\/\/agora.xtec.cat\/escolagaudisabadell\/?p=4987"},"modified":"2022-05-11T15:32:15","modified_gmt":"2022-05-11T13:32:15","slug":"3r-sortida-a-la-masia-de-can-deu","status":"publish","type":"post","link":"https:\/\/agora.xtec.cat\/escolagaudisabadell\/general\/3r-sortida-a-la-masia-de-can-deu\/","title":{"rendered":"3r Sortida a la Masia de Can Deu"},"content":{"rendered":"<p>El dimarts 10 de maig els i les alumnes de Tercer van visitar la Masia de Can Deu. Vam gaudir d&#8217;un dia de sol on vam visitar la granja, la masia, el bosc&#8230; Tamb\u00e9 van aprendre el procediment per fer oli i sab\u00f3. Van realitzar dos tallers on van fer el seu propi oli i sab\u00f3.<\/p>\n<p>Si voleu veure les fotos, heu de clicar al dibuix que representa les diferents activitats que vam realitzar. Va ser un dia molt complert!<\/p>\n<p>Esperem us agradin.<\/p>\n<p><a href=\"https:\/\/photos.app.goo.gl\/Ee2UXV3bQD9q8kzZ9\"><img loading=\"lazy\" decoding=\"async\" class=\"alignnone wp-image-4996\" src=\"https:\/\/agora.xtec.cat\/escolagaudisabadell\/wp-content\/uploads\/usu1563\/2022\/05\/descarga.jpg\" alt=\"\" width=\"192\" height=\"195\" \/><\/a><\/p>\n<p><a href=\"https:\/\/photos.app.goo.gl\/hfxE6VMMAiqCn7gC9\"><img loading=\"lazy\" decoding=\"async\" class=\"alignnone wp-image-4998\" src=\"https:\/\/agora.xtec.cat\/escolagaudisabadell\/wp-content\/uploads\/usu1563\/2022\/05\/png-clipart-olive-leaf-graphics-drawing-olive-oil-olive-food-olive-1-300x247.png\" alt=\"\" width=\"248\" height=\"204\" srcset=\"https:\/\/agora.xtec.cat\/escolagaudisabadell\/wp-content\/uploads\/usu1563\/2022\/05\/png-clipart-olive-leaf-graphics-drawing-olive-oil-olive-food-olive-1-300x247.png 300w, https:\/\/agora.xtec.cat\/escolagaudisabadell\/wp-content\/uploads\/usu1563\/2022\/05\/png-clipart-olive-leaf-graphics-drawing-olive-oil-olive-food-olive-1-768x631.png 768w, https:\/\/agora.xtec.cat\/escolagaudisabadell\/wp-content\/uploads\/usu1563\/2022\/05\/png-clipart-olive-leaf-graphics-drawing-olive-oil-olive-food-olive-1.png 900w\" sizes=\"auto, (max-width: 248px) 100vw, 248px\" \/><\/a><\/p>\n<p><a href=\"https:\/\/photos.app.goo.gl\/GfX3TyaUdg8XJtvY7\"><img loading=\"lazy\" decoding=\"async\" class=\"alignnone size-medium wp-image-4997\" src=\"https:\/\/agora.xtec.cat\/escolagaudisabadell\/wp-content\/uploads\/usu1563\/2022\/05\/Essabo-Afeitado-El-Gibrell_2-1-300x300.jpg\" alt=\"\" width=\"300\" height=\"300\" srcset=\"https:\/\/agora.xtec.cat\/escolagaudisabadell\/wp-content\/uploads\/usu1563\/2022\/05\/Essabo-Afeitado-El-Gibrell_2-1-300x300.jpg 300w, https:\/\/agora.xtec.cat\/escolagaudisabadell\/wp-content\/uploads\/usu1563\/2022\/05\/Essabo-Afeitado-El-Gibrell_2-1-150x150.jpg 150w, https:\/\/agora.xtec.cat\/escolagaudisabadell\/wp-content\/uploads\/usu1563\/2022\/05\/Essabo-Afeitado-El-Gibrell_2-1-768x768.jpg 768w, https:\/\/agora.xtec.cat\/escolagaudisabadell\/wp-content\/uploads\/usu1563\/2022\/05\/Essabo-Afeitado-El-Gibrell_2-1.jpg 1000w\" sizes=\"auto, (max-width: 300px) 100vw, 300px\" \/><\/a><\/p>\n<p style=\"text-align: left\"><a href=\"https:\/\/photos.app.goo.gl\/hfxE6VMMAiqCn7gC9\">\u00a0 \u00a0 \u00a0 \u00a0 \u00a0 <\/a><\/p>\n<p>&nbsp;<\/p>\n<p style=\"text-align: left\"><a href=\"https:\/\/photos.app.goo.gl\/hfxE6VMMAiqCn7gC9\">\u00a0 \u00a0 \u00a0 \u00a0 \u00a0 <\/a><a href=\"https:\/\/photos.app.goo.gl\/hfxE6VMMAiqCn7gC9\"> \u00a0 \u00a0 \u00a0 \u00a0 \u00a0 \u00a0 \u00a0 \u00a0 \u00a0 \u00a0<\/a><\/p>\n","protected":false},"excerpt":{"rendered":"<p>El dimarts 10 de maig els i les alumnes de Tercer van visitar la Masia de Can Deu. Vam gaudir d&#8217;un dia de sol on vam visitar la granja, la masia, el bosc&#8230; Tamb\u00e9 van aprendre el procediment per fer oli i sab\u00f3. Van realitzar&hellip;  <a href=\"https:\/\/agora.xtec.cat\/escolagaudisabadell\/general\/3r-sortida-a-la-masia-de-can-deu\/\" title=\"Read 3r Sortida a la Masia de Can Deu\">Llegeix m\u00e9s\u00bb<\/a><\/p>\n","protected":false},"author":1,"featured_media":0,"comment_status":"open","ping_status":"closed","sticky":false,"template":"","format":"standard","meta":{"_bbp_topic_count":0,"_bbp_reply_count":0,"_bbp_total_topic_count":0,"_bbp_total_reply_count":0,"_bbp_voice_count":0,"_bbp_anonymous_reply_count":0,"_bbp_topic_count_hidden":0,"_bbp_reply_count_hidden":0,"_bbp_forum_subforum_count":0,"footnotes":""},"categories":[12,1,4],"tags":[],"class_list":["post-4987","post","type-post","status-publish","format-standard","hentry","category-3r","category-general","category-portada"],"post_mailing_queue_ids":[],"_links":{"self":[{"href":"https:\/\/agora.xtec.cat\/escolagaudisabadell\/wp-json\/wp\/v2\/posts\/4987","targetHints":{"allow":["GET"]}}],"collection":[{"href":"https:\/\/agora.xtec.cat\/escolagaudisabadell\/wp-json\/wp\/v2\/posts"}],"about":[{"href":"https:\/\/agora.xtec.cat\/escolagaudisabadell\/wp-json\/wp\/v2\/types\/post"}],"author":[{"embeddable":true,"href":"https:\/\/agora.xtec.cat\/escolagaudisabadell\/wp-json\/wp\/v2\/users\/1"}],"replies":[{"embeddable":true,"href":"https:\/\/agora.xtec.cat\/escolagaudisabadell\/wp-json\/wp\/v2\/comments?post=4987"}],"version-history":[{"count":3,"href":"https:\/\/agora.xtec.cat\/escolagaudisabadell\/wp-json\/wp\/v2\/posts\/4987\/revisions"}],"predecessor-version":[{"id":5000,"href":"https:\/\/agora.xtec.cat\/escolagaudisabadell\/wp-json\/wp\/v2\/posts\/4987\/revisions\/5000"}],"wp:attachment":[{"href":"https:\/\/agora.xtec.cat\/escolagaudisabadell\/wp-json\/wp\/v2\/media?parent=4987"}],"wp:term":[{"taxonomy":"category","embeddable":true,"href":"https:\/\/agora.xtec.cat\/escolagaudisabadell\/wp-json\/wp\/v2\/categories?post=4987"},{"taxonomy":"post_tag","embeddable":true,"href":"https:\/\/agora.xtec.cat\/escolagaudisabadell\/wp-json\/wp\/v2\/tags?post=4987"}],"curies":[{"name":"wp","href":"https:\/\/api.w.org\/{rel}","templated":true}]}}