{"id":4984,"date":"2022-05-11T11:46:06","date_gmt":"2022-05-11T09:46:06","guid":{"rendered":"https:\/\/agora.xtec.cat\/escolagaudisabadell\/?p=4984"},"modified":"2022-05-28T14:34:51","modified_gmt":"2022-05-28T12:34:51","slug":"excursio-al-mercat-de-la-creu-alta","status":"publish","type":"post","link":"https:\/\/agora.xtec.cat\/escolagaudisabadell\/general\/excursio-al-mercat-de-la-creu-alta\/","title":{"rendered":"Excursi\u00f3 al Mercat de la Creu Alta"},"content":{"rendered":"<p><span style=\"font-family: inherit;font-size: 1em\">Dijous vam anar al Mercat de la Creu Alta per con\u00e8ixer quins aliments podem comprar all\u00e0. En aquesta visita al mercat ens hi ha\u00a0<span class=\"hiddenSpellError\">companyat<\/span> en Roc, una formiga molt divertida que ens va explicar moltes coses sobre el mercat (com va sorgir, com ho feien antigament, &#8230;). En Roc ens va acompanyar a cada parada i ens va explicar\u00a0quins aliments podien trobar. Tamb\u00e9, ens va proposar comprar algunes fruites per fer una maced\u00f2nia, per\u00f2 per poder aconseguir les fruites, havien de trobar <\/span><span style=\"font-family: inherit\"><span style=\"font-size: 1em\">les parades. Va ser tota una experi\u00e8ncia demanar la quantitat de fruita que vol\u00edem i pagar uns dinerets. Va ser tot un repte que vam aconseguir\u00a0amb \u00e8xit.<\/span><\/span><\/p>\n<p><span style=\"font-family: inherit\"><span style=\"font-size: 1em\">L&#8217;endem\u00e0,\u00a0vam preparar a l&#8217;aula la gran maced\u00f2nia per tastar totes aquestes fruites de proximitat. Va ser un tastet molt bo! <\/span><\/span>\ud83c\udf4a\ud83c\udf4e\ud83c\udf50\ud83c\udf4c<\/p>\n<p><a href=\"https:\/\/photos.app.goo.gl\/eMtMpf6N74AUXXq4A\"><img loading=\"lazy\" decoding=\"async\" class=\"alignnone wp-image-4985 size-large\" src=\"https:\/\/agora.xtec.cat\/escolagaudisabadell\/wp-content\/uploads\/usu1563\/2022\/05\/IMG_1141-1-832x1024.jpg\" alt=\"\" width=\"832\" height=\"1024\" srcset=\"https:\/\/agora.xtec.cat\/escolagaudisabadell\/wp-content\/uploads\/usu1563\/2022\/05\/IMG_1141-1-832x1024.jpg 832w, https:\/\/agora.xtec.cat\/escolagaudisabadell\/wp-content\/uploads\/usu1563\/2022\/05\/IMG_1141-1-244x300.jpg 244w, https:\/\/agora.xtec.cat\/escolagaudisabadell\/wp-content\/uploads\/usu1563\/2022\/05\/IMG_1141-1-768x946.jpg 768w, https:\/\/agora.xtec.cat\/escolagaudisabadell\/wp-content\/uploads\/usu1563\/2022\/05\/IMG_1141-1-1247x1536.jpg 1247w, https:\/\/agora.xtec.cat\/escolagaudisabadell\/wp-content\/uploads\/usu1563\/2022\/05\/IMG_1141-1-1663x2048.jpg 1663w\" sizes=\"auto, (max-width: 832px) 100vw, 832px\" \/><\/a><\/p>\n","protected":false},"excerpt":{"rendered":"<p>Dijous vam anar al Mercat de la Creu Alta per con\u00e8ixer quins aliments podem comprar all\u00e0. En aquesta visita al mercat ens hi ha\u00a0companyat en Roc, una formiga molt divertida que ens va explicar moltes coses sobre el mercat (com va sorgir, com ho feien&hellip;  <a href=\"https:\/\/agora.xtec.cat\/escolagaudisabadell\/general\/excursio-al-mercat-de-la-creu-alta\/\" title=\"Read Excursi\u00f3 al Mercat de la Creu Alta\">Llegeix m\u00e9s\u00bb<\/a><\/p>\n","protected":false},"author":1,"featured_media":0,"comment_status":"open","ping_status":"closed","sticky":false,"template":"","format":"standard","meta":{"_bbp_topic_count":0,"_bbp_reply_count":0,"_bbp_total_topic_count":0,"_bbp_total_reply_count":0,"_bbp_voice_count":0,"_bbp_anonymous_reply_count":0,"_bbp_topic_count_hidden":0,"_bbp_reply_count_hidden":0,"_bbp_forum_subforum_count":0,"footnotes":""},"categories":[71,1,2,8,4],"tags":[],"class_list":["post-4984","post","type-post","status-publish","format-standard","hentry","category-fotosdescola","category-general","category-infantil","category-p4","category-portada"],"post_mailing_queue_ids":[],"_links":{"self":[{"href":"https:\/\/agora.xtec.cat\/escolagaudisabadell\/wp-json\/wp\/v2\/posts\/4984","targetHints":{"allow":["GET"]}}],"collection":[{"href":"https:\/\/agora.xtec.cat\/escolagaudisabadell\/wp-json\/wp\/v2\/posts"}],"about":[{"href":"https:\/\/agora.xtec.cat\/escolagaudisabadell\/wp-json\/wp\/v2\/types\/post"}],"author":[{"embeddable":true,"href":"https:\/\/agora.xtec.cat\/escolagaudisabadell\/wp-json\/wp\/v2\/users\/1"}],"replies":[{"embeddable":true,"href":"https:\/\/agora.xtec.cat\/escolagaudisabadell\/wp-json\/wp\/v2\/comments?post=4984"}],"version-history":[{"count":1,"href":"https:\/\/agora.xtec.cat\/escolagaudisabadell\/wp-json\/wp\/v2\/posts\/4984\/revisions"}],"predecessor-version":[{"id":4986,"href":"https:\/\/agora.xtec.cat\/escolagaudisabadell\/wp-json\/wp\/v2\/posts\/4984\/revisions\/4986"}],"wp:attachment":[{"href":"https:\/\/agora.xtec.cat\/escolagaudisabadell\/wp-json\/wp\/v2\/media?parent=4984"}],"wp:term":[{"taxonomy":"category","embeddable":true,"href":"https:\/\/agora.xtec.cat\/escolagaudisabadell\/wp-json\/wp\/v2\/categories?post=4984"},{"taxonomy":"post_tag","embeddable":true,"href":"https:\/\/agora.xtec.cat\/escolagaudisabadell\/wp-json\/wp\/v2\/tags?post=4984"}],"curies":[{"name":"wp","href":"https:\/\/api.w.org\/{rel}","templated":true}]}}