{"id":4979,"date":"2022-05-11T11:31:30","date_gmt":"2022-05-11T09:31:30","guid":{"rendered":"https:\/\/agora.xtec.cat\/escolagaudisabadell\/?p=4979"},"modified":"2022-05-28T14:34:05","modified_gmt":"2022-05-28T12:34:05","slug":"lupes-magiques","status":"publish","type":"post","link":"https:\/\/agora.xtec.cat\/escolagaudisabadell\/general\/lupes-magiques\/","title":{"rendered":"Lupes m\u00e0giques"},"content":{"rendered":"<p>Fa uns dies vam jugar amb unes lupes m\u00e0giques. Aquestes lupes s\u00f3n especials perqu\u00e8 sense llum no podem veure els missatges que amaguen. Investigant i provant, ens hem adonat que amb la llum de les llanternes podem descobrir el missatge secret.<\/p>\n<p>Ha estat una experi\u00e8ncia molt enriquidora i ens ho hem passat d&#8217;all\u00f2 m\u00e9s b\u00e9 compartint amb els companys i companyes.<\/p>\n<p>Som uns grans investigadors i investigadores\ud83d\udd0d<\/p>\n<p><a href=\"https:\/\/photos.app.goo.gl\/mNkh7hwGKLmRztg1A\"><img loading=\"lazy\" decoding=\"async\" class=\"alignnone wp-image-4980 size-large\" src=\"https:\/\/agora.xtec.cat\/escolagaudisabadell\/wp-content\/uploads\/usu1563\/2022\/05\/IMG_0995-942x1024.jpg\" alt=\"\" width=\"942\" height=\"1024\" srcset=\"https:\/\/agora.xtec.cat\/escolagaudisabadell\/wp-content\/uploads\/usu1563\/2022\/05\/IMG_0995-942x1024.jpg 942w, https:\/\/agora.xtec.cat\/escolagaudisabadell\/wp-content\/uploads\/usu1563\/2022\/05\/IMG_0995-276x300.jpg 276w, https:\/\/agora.xtec.cat\/escolagaudisabadell\/wp-content\/uploads\/usu1563\/2022\/05\/IMG_0995-768x835.jpg 768w, https:\/\/agora.xtec.cat\/escolagaudisabadell\/wp-content\/uploads\/usu1563\/2022\/05\/IMG_0995-1413x1536.jpg 1413w, https:\/\/agora.xtec.cat\/escolagaudisabadell\/wp-content\/uploads\/usu1563\/2022\/05\/IMG_0995-1885x2048.jpg 1885w\" sizes=\"auto, (max-width: 942px) 100vw, 942px\" \/><\/a><\/p>\n","protected":false},"excerpt":{"rendered":"<p>Fa uns dies vam jugar amb unes lupes m\u00e0giques. Aquestes lupes s\u00f3n especials perqu\u00e8 sense llum no podem veure els missatges que amaguen. Investigant i provant, ens hem adonat que amb la llum de les llanternes podem descobrir el missatge secret.<br \/>\nHa estat una experi\u00e8ncia molt&hellip;  <a href=\"https:\/\/agora.xtec.cat\/escolagaudisabadell\/general\/lupes-magiques\/\" title=\"Read Lupes m\u00e0giques\">Llegeix m\u00e9s\u00bb<\/a><\/p>\n","protected":false},"author":1,"featured_media":0,"comment_status":"open","ping_status":"closed","sticky":false,"template":"","format":"standard","meta":{"_bbp_topic_count":0,"_bbp_reply_count":0,"_bbp_total_topic_count":0,"_bbp_total_reply_count":0,"_bbp_voice_count":0,"_bbp_anonymous_reply_count":0,"_bbp_topic_count_hidden":0,"_bbp_reply_count_hidden":0,"_bbp_forum_subforum_count":0,"footnotes":""},"categories":[71,1,2,8,4],"tags":[],"class_list":["post-4979","post","type-post","status-publish","format-standard","hentry","category-fotosdescola","category-general","category-infantil","category-p4","category-portada"],"post_mailing_queue_ids":[],"_links":{"self":[{"href":"https:\/\/agora.xtec.cat\/escolagaudisabadell\/wp-json\/wp\/v2\/posts\/4979","targetHints":{"allow":["GET"]}}],"collection":[{"href":"https:\/\/agora.xtec.cat\/escolagaudisabadell\/wp-json\/wp\/v2\/posts"}],"about":[{"href":"https:\/\/agora.xtec.cat\/escolagaudisabadell\/wp-json\/wp\/v2\/types\/post"}],"author":[{"embeddable":true,"href":"https:\/\/agora.xtec.cat\/escolagaudisabadell\/wp-json\/wp\/v2\/users\/1"}],"replies":[{"embeddable":true,"href":"https:\/\/agora.xtec.cat\/escolagaudisabadell\/wp-json\/wp\/v2\/comments?post=4979"}],"version-history":[{"count":1,"href":"https:\/\/agora.xtec.cat\/escolagaudisabadell\/wp-json\/wp\/v2\/posts\/4979\/revisions"}],"predecessor-version":[{"id":4981,"href":"https:\/\/agora.xtec.cat\/escolagaudisabadell\/wp-json\/wp\/v2\/posts\/4979\/revisions\/4981"}],"wp:attachment":[{"href":"https:\/\/agora.xtec.cat\/escolagaudisabadell\/wp-json\/wp\/v2\/media?parent=4979"}],"wp:term":[{"taxonomy":"category","embeddable":true,"href":"https:\/\/agora.xtec.cat\/escolagaudisabadell\/wp-json\/wp\/v2\/categories?post=4979"},{"taxonomy":"post_tag","embeddable":true,"href":"https:\/\/agora.xtec.cat\/escolagaudisabadell\/wp-json\/wp\/v2\/tags?post=4979"}],"curies":[{"name":"wp","href":"https:\/\/api.w.org\/{rel}","templated":true}]}}