{"id":4929,"date":"2022-04-27T11:52:17","date_gmt":"2022-04-27T09:52:17","guid":{"rendered":"https:\/\/agora.xtec.cat\/escolagaudisabadell\/?p=4929"},"modified":"2022-04-27T11:52:17","modified_gmt":"2022-04-27T09:52:17","slug":"celebrem-sant-jordi","status":"publish","type":"post","link":"https:\/\/agora.xtec.cat\/escolagaudisabadell\/general\/celebrem-sant-jordi\/","title":{"rendered":"Celebrem Sant Jordi"},"content":{"rendered":"<p>Sant Jordi \u00e9s la festa del llibre i de la rosa, i a l&#8217;escola ens agrada celebrar-ho amb una gran festa tots plegats, \u00e9s per aix\u00f2\u00a0 que el dia de Sant Jordi \u00e9s per a nosaltres tan especial.<\/p>\n<p>Vam gaudir de tallers art\u00edstics com la confecci\u00f3 d&#8217;una rosa de Sant Jordi i un punt de llibre d&#8217;un Drac. Tamb\u00e9 vam tenir el plaer de veure una obra de teatre, realitzat per les mestres, sobre Sant Jordi i el Drac.<\/p>\n<p>Tot\u00a0 plegat va ser una gran dia!!!<a href=\"https:\/\/agora.xtec.cat\/escolagaudisabadell\/wp-content\/uploads\/usu1563\/2022\/04\/IMG_0880.jpg\"><img loading=\"lazy\" decoding=\"async\" class=\"alignnone size-large wp-image-4930\" src=\"https:\/\/agora.xtec.cat\/escolagaudisabadell\/wp-content\/uploads\/usu1563\/2022\/04\/IMG_0880-1024x768.jpg\" alt=\"\" width=\"1024\" height=\"768\" srcset=\"https:\/\/agora.xtec.cat\/escolagaudisabadell\/wp-content\/uploads\/usu1563\/2022\/04\/IMG_0880-1024x768.jpg 1024w, https:\/\/agora.xtec.cat\/escolagaudisabadell\/wp-content\/uploads\/usu1563\/2022\/04\/IMG_0880-300x225.jpg 300w, https:\/\/agora.xtec.cat\/escolagaudisabadell\/wp-content\/uploads\/usu1563\/2022\/04\/IMG_0880-768x576.jpg 768w, https:\/\/agora.xtec.cat\/escolagaudisabadell\/wp-content\/uploads\/usu1563\/2022\/04\/IMG_0880-1536x1152.jpg 1536w, https:\/\/agora.xtec.cat\/escolagaudisabadell\/wp-content\/uploads\/usu1563\/2022\/04\/IMG_0880-200x150.jpg 200w, https:\/\/agora.xtec.cat\/escolagaudisabadell\/wp-content\/uploads\/usu1563\/2022\/04\/IMG_0880.jpg 2016w\" sizes=\"auto, (max-width: 1024px) 100vw, 1024px\" \/><\/a><\/p>\n","protected":false},"excerpt":{"rendered":"<p>Sant Jordi \u00e9s la festa del llibre i de la rosa, i a l&#8217;escola ens agrada celebrar-ho amb una gran festa tots plegats, \u00e9s per aix\u00f2\u00a0 que el dia de Sant Jordi \u00e9s per a nosaltres tan especial.<br \/>\nVam gaudir de tallers art\u00edstics com la confecci\u00f3&hellip;  <a href=\"https:\/\/agora.xtec.cat\/escolagaudisabadell\/general\/celebrem-sant-jordi\/\" title=\"Read Celebrem Sant Jordi\">Llegeix m\u00e9s\u00bb<\/a><\/p>\n","protected":false},"author":1,"featured_media":0,"comment_status":"open","ping_status":"closed","sticky":false,"template":"","format":"standard","meta":{"_bbp_topic_count":0,"_bbp_reply_count":0,"_bbp_total_topic_count":0,"_bbp_total_reply_count":0,"_bbp_voice_count":0,"_bbp_anonymous_reply_count":0,"_bbp_topic_count_hidden":0,"_bbp_reply_count_hidden":0,"_bbp_forum_subforum_count":0,"footnotes":""},"categories":[1,8,4],"tags":[],"class_list":["post-4929","post","type-post","status-publish","format-standard","hentry","category-general","category-p4","category-portada"],"post_mailing_queue_ids":[],"_links":{"self":[{"href":"https:\/\/agora.xtec.cat\/escolagaudisabadell\/wp-json\/wp\/v2\/posts\/4929","targetHints":{"allow":["GET"]}}],"collection":[{"href":"https:\/\/agora.xtec.cat\/escolagaudisabadell\/wp-json\/wp\/v2\/posts"}],"about":[{"href":"https:\/\/agora.xtec.cat\/escolagaudisabadell\/wp-json\/wp\/v2\/types\/post"}],"author":[{"embeddable":true,"href":"https:\/\/agora.xtec.cat\/escolagaudisabadell\/wp-json\/wp\/v2\/users\/1"}],"replies":[{"embeddable":true,"href":"https:\/\/agora.xtec.cat\/escolagaudisabadell\/wp-json\/wp\/v2\/comments?post=4929"}],"version-history":[{"count":1,"href":"https:\/\/agora.xtec.cat\/escolagaudisabadell\/wp-json\/wp\/v2\/posts\/4929\/revisions"}],"predecessor-version":[{"id":4931,"href":"https:\/\/agora.xtec.cat\/escolagaudisabadell\/wp-json\/wp\/v2\/posts\/4929\/revisions\/4931"}],"wp:attachment":[{"href":"https:\/\/agora.xtec.cat\/escolagaudisabadell\/wp-json\/wp\/v2\/media?parent=4929"}],"wp:term":[{"taxonomy":"category","embeddable":true,"href":"https:\/\/agora.xtec.cat\/escolagaudisabadell\/wp-json\/wp\/v2\/categories?post=4929"},{"taxonomy":"post_tag","embeddable":true,"href":"https:\/\/agora.xtec.cat\/escolagaudisabadell\/wp-json\/wp\/v2\/tags?post=4929"}],"curies":[{"name":"wp","href":"https:\/\/api.w.org\/{rel}","templated":true}]}}