{"id":4903,"date":"2022-04-25T11:45:15","date_gmt":"2022-04-25T09:45:15","guid":{"rendered":"https:\/\/agora.xtec.cat\/escolagaudisabadell\/?p=4903"},"modified":"2022-04-25T11:48:43","modified_gmt":"2022-04-25T09:48:43","slug":"nou-logo-de-lescola","status":"publish","type":"post","link":"https:\/\/agora.xtec.cat\/escolagaudisabadell\/general\/nou-logo-de-lescola\/","title":{"rendered":"NOU LOGO DE L&#8217;ESCOLA"},"content":{"rendered":"<p>Cap al mes de febrer vam iniciar un concurs per poder canviar el nostre logo, aprofitant que a l&#8217;escola comencem a celebrar el 50\u00e8 aniversari.\u00a0 El jurat va estar compost per 2 mares, 2 mestres, l&#8217;administrativa i l&#8217;equip directiu.\u00a0 La decisi\u00f3 va estar tan dif\u00edcil que dubt\u00e0vem entre quatre dibuixos excel\u00b7lents.\u00a0 Finalment, el jurat va decidir fer una combinaci\u00f3 amb dos dibuixos i premiar tamb\u00e9 els altres dos finalistes.<\/p>\n<p>Us presentem el nou logo de l&#8217;escola i fotos de l&#8217;alumnat premiat.<\/p>\n<p>1r premi: Ariel Hern\u00e1ndez de 3r\u00a0 i Yousra Karmas de 5\u00e8<\/p>\n<p>Finalistes: Cristina Bou i Mariam Ben Amar , totes dues de 6\u00e8.<\/p>\n<p>I el resultat final \u00e9s &#8230;<\/p>\n<p><img loading=\"lazy\" decoding=\"async\" class=\"wp-image-4904 aligncenter\" src=\"https:\/\/agora.xtec.cat\/escolagaudisabadell\/wp-content\/uploads\/usu1563\/2022\/04\/GUANYADORS_Easy-Resize.com-1-e1650627533442-1024x893.jpg\" alt=\"\" width=\"453\" height=\"394\" srcset=\"https:\/\/agora.xtec.cat\/escolagaudisabadell\/wp-content\/uploads\/usu1563\/2022\/04\/GUANYADORS_Easy-Resize.com-1-e1650627533442-1024x893.jpg 1024w, https:\/\/agora.xtec.cat\/escolagaudisabadell\/wp-content\/uploads\/usu1563\/2022\/04\/GUANYADORS_Easy-Resize.com-1-e1650627533442-300x262.jpg 300w, https:\/\/agora.xtec.cat\/escolagaudisabadell\/wp-content\/uploads\/usu1563\/2022\/04\/GUANYADORS_Easy-Resize.com-1-e1650627533442-768x670.jpg 768w, https:\/\/agora.xtec.cat\/escolagaudisabadell\/wp-content\/uploads\/usu1563\/2022\/04\/GUANYADORS_Easy-Resize.com-1-e1650627533442.jpg 1280w\" sizes=\"auto, (max-width: 453px) 100vw, 453px\" \/><\/p>\n<p>&nbsp;<\/p>\n<p><img loading=\"lazy\" decoding=\"async\" class=\"wp-image-4905 aligncenter\" src=\"https:\/\/agora.xtec.cat\/escolagaudisabadell\/wp-content\/uploads\/usu1563\/2022\/04\/LOGO-1-ORIGINAL-1024x901.png\" alt=\"\" width=\"433\" height=\"381\" srcset=\"https:\/\/agora.xtec.cat\/escolagaudisabadell\/wp-content\/uploads\/usu1563\/2022\/04\/LOGO-1-ORIGINAL-1024x901.png 1024w, https:\/\/agora.xtec.cat\/escolagaudisabadell\/wp-content\/uploads\/usu1563\/2022\/04\/LOGO-1-ORIGINAL-300x264.png 300w, https:\/\/agora.xtec.cat\/escolagaudisabadell\/wp-content\/uploads\/usu1563\/2022\/04\/LOGO-1-ORIGINAL-768x675.png 768w, https:\/\/agora.xtec.cat\/escolagaudisabadell\/wp-content\/uploads\/usu1563\/2022\/04\/LOGO-1-ORIGINAL.png 1411w\" sizes=\"auto, (max-width: 433px) 100vw, 433px\" \/><\/p>\n","protected":false},"excerpt":{"rendered":"<p>Cap al mes de febrer vam iniciar un concurs per poder canviar el nostre logo, aprofitant que a l&#8217;escola comencem a celebrar el 50\u00e8 aniversari.\u00a0 El jurat va estar compost per 2 mares, 2 mestres, l&#8217;administrativa i l&#8217;equip directiu.\u00a0 La decisi\u00f3 va estar tan dif\u00edcil&hellip;  <a href=\"https:\/\/agora.xtec.cat\/escolagaudisabadell\/general\/nou-logo-de-lescola\/\" title=\"Read NOU LOGO DE L&#8217;ESCOLA\">Llegeix m\u00e9s\u00bb<\/a><\/p>\n","protected":false},"author":1,"featured_media":0,"comment_status":"open","ping_status":"closed","sticky":false,"template":"","format":"standard","meta":{"_bbp_topic_count":0,"_bbp_reply_count":0,"_bbp_total_topic_count":0,"_bbp_total_reply_count":0,"_bbp_voice_count":0,"_bbp_anonymous_reply_count":0,"_bbp_topic_count_hidden":0,"_bbp_reply_count_hidden":0,"_bbp_forum_subforum_count":0,"footnotes":""},"categories":[1,4],"tags":[],"class_list":["post-4903","post","type-post","status-publish","format-standard","hentry","category-general","category-portada"],"post_mailing_queue_ids":[],"_links":{"self":[{"href":"https:\/\/agora.xtec.cat\/escolagaudisabadell\/wp-json\/wp\/v2\/posts\/4903","targetHints":{"allow":["GET"]}}],"collection":[{"href":"https:\/\/agora.xtec.cat\/escolagaudisabadell\/wp-json\/wp\/v2\/posts"}],"about":[{"href":"https:\/\/agora.xtec.cat\/escolagaudisabadell\/wp-json\/wp\/v2\/types\/post"}],"author":[{"embeddable":true,"href":"https:\/\/agora.xtec.cat\/escolagaudisabadell\/wp-json\/wp\/v2\/users\/1"}],"replies":[{"embeddable":true,"href":"https:\/\/agora.xtec.cat\/escolagaudisabadell\/wp-json\/wp\/v2\/comments?post=4903"}],"version-history":[{"count":3,"href":"https:\/\/agora.xtec.cat\/escolagaudisabadell\/wp-json\/wp\/v2\/posts\/4903\/revisions"}],"predecessor-version":[{"id":4907,"href":"https:\/\/agora.xtec.cat\/escolagaudisabadell\/wp-json\/wp\/v2\/posts\/4903\/revisions\/4907"}],"wp:attachment":[{"href":"https:\/\/agora.xtec.cat\/escolagaudisabadell\/wp-json\/wp\/v2\/media?parent=4903"}],"wp:term":[{"taxonomy":"category","embeddable":true,"href":"https:\/\/agora.xtec.cat\/escolagaudisabadell\/wp-json\/wp\/v2\/categories?post=4903"},{"taxonomy":"post_tag","embeddable":true,"href":"https:\/\/agora.xtec.cat\/escolagaudisabadell\/wp-json\/wp\/v2\/tags?post=4903"}],"curies":[{"name":"wp","href":"https:\/\/api.w.org\/{rel}","templated":true}]}}