{"id":4886,"date":"2022-04-21T11:55:33","date_gmt":"2022-04-21T09:55:33","guid":{"rendered":"https:\/\/agora.xtec.cat\/escolagaudisabadell\/?p=4886"},"modified":"2022-06-22T12:21:14","modified_gmt":"2022-06-22T10:21:14","slug":"preinscripcio-2022-2023","status":"publish","type":"post","link":"https:\/\/agora.xtec.cat\/escolagaudisabadell\/general\/preinscripcio-2022-2023\/","title":{"rendered":"PREINSCRIPCI\u00d3 2022-2023"},"content":{"rendered":"<ul>\n<li><em><a href=\"https:\/\/agora.xtec.cat\/escolagaudisabadell\/general\/preinscripcio-matricula-i-oferta-de-places-curs-2022-2023\/\"><strong>OFERTA INICIAL DE PLACES (Clica aqu\u00ed)<\/strong><\/a><\/em><\/li>\n<li><em><a href=\"https:\/\/agora.xtec.cat\/escolagaudisabadell\/wp-content\/uploads\/usu1563\/2022\/04\/INFORME_BAREM_PROVISIONAL_BAREM-Escola-Gaudi.pdf\"><strong>LLISTA DE SOL\u00b7LICITUTS AMB PUNTUACI\u00d3 PROVISIONAL (Clica aqu\u00ed)<\/strong><\/a>\u00a0<\/em><\/li>\n<li><em><a href=\"https:\/\/preinscripcio.gencat.cat\/ca\/estudis\/infantil-3-6\/preinscriute\/seguiment-sollicitud\/reclamacions-llista-provisional\/\"><strong>RECLAMACIONS A LA PUNTUACI\u00d3 PROVISIONAL (del 22 al 29 d\u2019abril) (Clica aqu\u00ed)\u00a0<\/strong><\/a><\/em><\/li>\n<li><em><a href=\"https:\/\/agora.xtec.cat\/escolagaudisabadell\/wp-content\/uploads\/usu1563\/2022\/04\/Llistat-definitiu-preinscripcio-Escola-Gaudi.pdf\"><strong>PUBLICACI\u00d3 DE LES LLISTES AMB LA PUNTUACI\u00d3, RESOLTES LES RECLAMACIONS (3 de maig) (Clica aqu\u00ed)<\/strong><\/a><\/em><\/li>\n<li><strong>CONSULTA EL N\u00daMERO DE DESEMPAT DE LA PREINCSCRIPCI\u00d3 (9 de maig)<\/strong><\/li>\n<li><a href=\"https:\/\/drive.google.com\/file\/d\/1LWga9D69QDVd7lEgXqCC8nV-eZa1QX6Z\/view?usp=sharing\"><strong>PUBLICACI\u00d3 DE LES LLISTES ORDENADES (11 de maig) <em>(Clica aqu\u00ed)<\/em><\/strong><\/a><\/li>\n<li><strong>PUBLICACI\u00d3 DE L\u2019OFERTA FINAL<\/strong><strong>\u00a0(9 de juny)<\/strong><\/li>\n<li><a href=\"https:\/\/drive.google.com\/file\/d\/14zdbml1lP9afNn6pr5QgegMmsMgPNzBJ\/view?usp=sharing\"><strong>PUBLICACI\u00d3 DE LES LLISTES D\u2019ADMESOS\u00a0 (10 de juny)<\/strong><\/a><\/li>\n<li><a href=\"https:\/\/drive.google.com\/file\/d\/1SOZPA7NWog5uYDLX0JLBx3sSffJjmZTA\/view?usp=sharing\"><strong>PUBLICACI\u00d3 LLISTA D&#8217;ESPERA (10 de juny)<\/strong><\/a><\/li>\n<li><a href=\"https:\/\/docs.google.com\/forms\/d\/e\/1FAIpQLSfr-UaCLQfVsFB5OHQeLTJS6VBkOSy_lrGICPyUhK5AOah2Qw\/closedform\"><strong>FORMULARI DE RECLAMACIONS ( operatiu 13,14 i 15 de juny)<\/strong><\/a><\/li>\n<li><strong>PER\u00cdODE DE MATRICULACI\u00d3 (del 21 al 29 de juny)<\/strong><\/li>\n<\/ul>\n<p>Recordeu que ens podeu consultar qualsevol dubte al correu a8023943@xtec.cat o per tel\u00e8fon al 937164848<\/p>\n<p><img decoding=\"async\" src=\"https:\/\/preinscripcio.gencat.cat\/web\/.content\/inici\/banner-pre-real.jpg\" alt=\" Benvinguts al nou portal de preinscripci\u00f3 del Departament d\u2019Educaci\u00f3\" \/><\/p>\n","protected":false},"excerpt":{"rendered":"<ul>\n<li><a href=\"https:\/\/agora.xtec.cat\/escolagaudisabadell\/general\/preinscripcio-matricula-i-oferta-de-places-curs-2022-2023\/\">OFERTA INICIAL DE PLACES (Clica aqu\u00ed)<\/a><\/li>\n<li><a href=\"https:\/\/agora.xtec.cat\/escolagaudisabadell\/wp-content\/uploads\/usu1563\/2022\/04\/INFORME_BAREM_PROVISIONAL_BAREM-Escola-Gaudi.pdf\">LLISTA DE SOL\u00b7LICITUTS AMB PUNTUACI\u00d3 PROVISIONAL (Clica aqu\u00ed)<\/a>\u00a0<\/li>\n<li><a href=\"https:\/\/preinscripcio.gencat.cat\/ca\/estudis\/infantil-3-6\/preinscriute\/seguiment-sollicitud\/reclamacions-llista-provisional\/\">RECLAMACIONS A LA PUNTUACI\u00d3 PROVISIONAL (del 22 al 29 d\u2019abril) (Clica aqu\u00ed)\u00a0<\/a><\/li>\n<li><a href=\"https:\/\/agora.xtec.cat\/escolagaudisabadell\/wp-content\/uploads\/usu1563\/2022\/04\/Llistat-definitiu-preinscripcio-Escola-Gaudi.pdf\">PUBLICACI\u00d3 DE LES LLISTES AMB LA PUNTUACI\u00d3, RESOLTES LES RECLAMACIONS (3 de maig) (Clica aqu\u00ed)<\/a><\/li>\n<li>CONSULTA EL N\u00daMERO DE&hellip;  <a href=\"https:\/\/agora.xtec.cat\/escolagaudisabadell\/general\/preinscripcio-2022-2023\/\" title=\"Read PREINSCRIPCI\u00d3 2022-2023\">Llegeix m\u00e9s\u00bb<\/a><br \/>\n","protected":false},"author":1,"featured_media":4888,"comment_status":"open","ping_status":"closed","sticky":false,"template":"","format":"standard","meta":{"_bbp_topic_count":0,"_bbp_reply_count":0,"_bbp_total_topic_count":0,"_bbp_total_reply_count":0,"_bbp_voice_count":0,"_bbp_anonymous_reply_count":0,"_bbp_topic_count_hidden":0,"_bbp_reply_count_hidden":0,"_bbp_forum_subforum_count":0,"footnotes":""},"categories":[1,4],"tags":[],"class_list":["post-4886","post","type-post","status-publish","format-standard","has-post-thumbnail","hentry","category-general","category-portada"],"post_mailing_queue_ids":[],"_links":{"self":[{"href":"https:\/\/agora.xtec.cat\/escolagaudisabadell\/wp-json\/wp\/v2\/posts\/4886","targetHints":{"allow":["GET"]}}],"collection":[{"href":"https:\/\/agora.xtec.cat\/escolagaudisabadell\/wp-json\/wp\/v2\/posts"}],"about":[{"href":"https:\/\/agora.xtec.cat\/escolagaudisabadell\/wp-json\/wp\/v2\/types\/post"}],"author":[{"embeddable":true,"href":"https:\/\/agora.xtec.cat\/escolagaudisabadell\/wp-json\/wp\/v2\/users\/1"}],"replies":[{"embeddable":true,"href":"https:\/\/agora.xtec.cat\/escolagaudisabadell\/wp-json\/wp\/v2\/comments?post=4886"}],"version-history":[{"count":3,"href":"https:\/\/agora.xtec.cat\/escolagaudisabadell\/wp-json\/wp\/v2\/posts\/4886\/revisions"}],"predecessor-version":[{"id":5208,"href":"https:\/\/agora.xtec.cat\/escolagaudisabadell\/wp-json\/wp\/v2\/posts\/4886\/revisions\/5208"}],"wp:featuredmedia":[{"embeddable":true,"href":"https:\/\/agora.xtec.cat\/escolagaudisabadell\/wp-json\/wp\/v2\/media\/4888"}],"wp:attachment":[{"href":"https:\/\/agora.xtec.cat\/escolagaudisabadell\/wp-json\/wp\/v2\/media?parent=4886"}],"wp:term":[{"taxonomy":"category","embeddable":true,"href":"https:\/\/agora.xtec.cat\/escolagaudisabadell\/wp-json\/wp\/v2\/categories?post=4886"},{"taxonomy":"post_tag","embeddable":true,"href":"https:\/\/agora.xtec.cat\/escolagaudisabadell\/wp-json\/wp\/v2\/tags?post=4886"}],"curies":[{"name":"wp","href":"https:\/\/api.w.org\/{rel}","templated":true}]}}