{"id":4824,"date":"2022-04-18T11:55:31","date_gmt":"2022-04-18T09:55:31","guid":{"rendered":"https:\/\/agora.xtec.cat\/escolagaudisabadell\/?p=4824"},"modified":"2022-04-18T12:04:35","modified_gmt":"2022-04-18T10:04:35","slug":"1r-curs-natacio-marc-22","status":"publish","type":"post","link":"https:\/\/agora.xtec.cat\/escolagaudisabadell\/general\/1r-curs-natacio-marc-22\/","title":{"rendered":"1r Curs nataci\u00f3 mar\u00e7 22"},"content":{"rendered":"<p>Durant tot el trimestre hem seguit anant a les classes de nataci\u00f3 del programa &#8220;Els primers a l&#8217;aigua&#8221;. Es nota que els nens i nenes de la classe de primer de la nostra escola tenen moltes ganes d&#8217;aprendre a nedar i perfeccionar l&#8217;estil. Hi van amb molta il\u00b7lusi\u00f3 i aix\u00f2 es pot veure en aquest recull de fotos i v\u00eddeos de les classes del mes de mar\u00e7.<\/p>\n<p>&nbsp;<\/p>\n<p class=\"hide-if-no-js\" style=\"text-align: center\"><a id=\"set-post-thumbnail\" class=\"thickbox\" href=\"https:\/\/photos.app.goo.gl\/RPDrcaSYuHfJqQRSA\" aria-describedby=\"set-post-thumbnail-desc\"><img loading=\"lazy\" decoding=\"async\" class=\"attachment-266x266 alignnone\" src=\"https:\/\/agora.xtec.cat\/escolagaudisabadell\/wp-content\/uploads\/usu1563\/2022\/04\/IMG-20220303-WA0004.jpg\" alt=\"\" width=\"266\" height=\"200\" \/><\/a><\/p>\n<p>&nbsp;<\/p>\n<p>&nbsp;<\/p>\n","protected":false},"excerpt":{"rendered":"<p>Durant tot el trimestre hem seguit anant a les classes de nataci\u00f3 del programa &#8220;Els primers a l&#8217;aigua&#8221;. Es nota que els nens i nenes de la classe de primer de la nostra escola tenen moltes ganes d&#8217;aprendre a nedar i perfeccionar l&#8217;estil. Hi van&hellip;  <a href=\"https:\/\/agora.xtec.cat\/escolagaudisabadell\/general\/1r-curs-natacio-marc-22\/\" title=\"Read 1r Curs nataci\u00f3 mar\u00e7 22\">Llegeix m\u00e9s\u00bb<\/a><\/p>\n","protected":false},"author":3,"featured_media":4827,"comment_status":"closed","ping_status":"closed","sticky":false,"template":"","format":"standard","meta":{"_bbp_topic_count":0,"_bbp_reply_count":0,"_bbp_total_topic_count":0,"_bbp_total_reply_count":0,"_bbp_voice_count":0,"_bbp_anonymous_reply_count":0,"_bbp_topic_count_hidden":0,"_bbp_reply_count_hidden":0,"_bbp_forum_subforum_count":0,"footnotes":""},"categories":[10,1,4],"tags":[],"class_list":["post-4824","post","type-post","status-publish","format-standard","has-post-thumbnail","hentry","category-1r","category-general","category-portada"],"post_mailing_queue_ids":[],"_links":{"self":[{"href":"https:\/\/agora.xtec.cat\/escolagaudisabadell\/wp-json\/wp\/v2\/posts\/4824","targetHints":{"allow":["GET"]}}],"collection":[{"href":"https:\/\/agora.xtec.cat\/escolagaudisabadell\/wp-json\/wp\/v2\/posts"}],"about":[{"href":"https:\/\/agora.xtec.cat\/escolagaudisabadell\/wp-json\/wp\/v2\/types\/post"}],"author":[{"embeddable":true,"href":"https:\/\/agora.xtec.cat\/escolagaudisabadell\/wp-json\/wp\/v2\/users\/3"}],"replies":[{"embeddable":true,"href":"https:\/\/agora.xtec.cat\/escolagaudisabadell\/wp-json\/wp\/v2\/comments?post=4824"}],"version-history":[{"count":2,"href":"https:\/\/agora.xtec.cat\/escolagaudisabadell\/wp-json\/wp\/v2\/posts\/4824\/revisions"}],"predecessor-version":[{"id":4828,"href":"https:\/\/agora.xtec.cat\/escolagaudisabadell\/wp-json\/wp\/v2\/posts\/4824\/revisions\/4828"}],"wp:featuredmedia":[{"embeddable":true,"href":"https:\/\/agora.xtec.cat\/escolagaudisabadell\/wp-json\/wp\/v2\/media\/4827"}],"wp:attachment":[{"href":"https:\/\/agora.xtec.cat\/escolagaudisabadell\/wp-json\/wp\/v2\/media?parent=4824"}],"wp:term":[{"taxonomy":"category","embeddable":true,"href":"https:\/\/agora.xtec.cat\/escolagaudisabadell\/wp-json\/wp\/v2\/categories?post=4824"},{"taxonomy":"post_tag","embeddable":true,"href":"https:\/\/agora.xtec.cat\/escolagaudisabadell\/wp-json\/wp\/v2\/tags?post=4824"}],"curies":[{"name":"wp","href":"https:\/\/api.w.org\/{rel}","templated":true}]}}