{"id":4816,"date":"2022-04-18T11:18:16","date_gmt":"2022-04-18T09:18:16","guid":{"rendered":"https:\/\/agora.xtec.cat\/escolagaudisabadell\/?p=4816"},"modified":"2022-04-18T11:18:16","modified_gmt":"2022-04-18T09:18:16","slug":"ei_ci-trobada-literaria-marc-25-03-22","status":"publish","type":"post","link":"https:\/\/agora.xtec.cat\/escolagaudisabadell\/general\/ei_ci-trobada-literaria-marc-25-03-22\/","title":{"rendered":"EI_CI Trobada liter\u00e0ria mar\u00e7 25 03 22"},"content":{"rendered":"<p>Les classes d&#8217;educaci\u00f3 infantil i cicle inicial vam fer la Trobada Liter\u00e0ria del mes de mar\u00e7. En aquesta ocasi\u00f3 van memoritzar i recitar frases de dones c\u00e8lebres que hem treballat a l&#8217;aula. Felicitem a tots i totes per la gran feina feta!!!<\/p>\n<p class=\"hide-if-no-js\" style=\"text-align: center\"><a id=\"set-post-thumbnail\" class=\"thickbox\" href=\"https:\/\/agora.xtec.cat\/escolagaudisabadell\/wp-admin\/media-upload.php?post_id=4816&amp;type=image&amp;TB_iframe=1\" aria-describedby=\"set-post-thumbnail-desc\"><img loading=\"lazy\" decoding=\"async\" class=\"attachment-266x266 size-266x266\" src=\"https:\/\/agora.xtec.cat\/escolagaudisabadell\/wp-content\/uploads\/usu1563\/2022\/04\/IMG_20220325_152426-300x300.jpg\" alt=\"\" width=\"266\" height=\"266\" \/><\/a><a href=\"https:\/\/photos.app.goo.gl\/qPBnN26HjFBPwR4MA\">https:\/\/photos.app.goo.gl\/qPBnN26HjFBPwR4MA<\/a><\/p>\n","protected":false},"excerpt":{"rendered":"<p>Les classes d&#8217;educaci\u00f3 infantil i cicle inicial vam fer la Trobada Liter\u00e0ria del mes de mar\u00e7. En aquesta ocasi\u00f3 van memoritzar i recitar frases de dones c\u00e8lebres que hem treballat a l&#8217;aula. Felicitem a tots i totes per la gran feina feta!!!<br \/>\n<a id=\"set-post-thumbnail\" class=\"thickbox\" href=\"https:\/\/agora.xtec.cat\/escolagaudisabadell\/wp-admin\/media-upload.php?post_id=4816&amp;type=image&amp;TB_iframe=1\"&hellip;  <a href=\"https:\/\/agora.xtec.cat\/escolagaudisabadell\/general\/ei_ci-trobada-literaria-marc-25-03-22\/\" title=\"Read EI_CI Trobada liter\u00e0ria mar\u00e7 25 03 22\">Llegeix m\u00e9s\u00bb<\/a><\/p>\n","protected":false},"author":3,"featured_media":4817,"comment_status":"closed","ping_status":"closed","sticky":false,"template":"","format":"standard","meta":{"_bbp_topic_count":0,"_bbp_reply_count":0,"_bbp_total_topic_count":0,"_bbp_total_reply_count":0,"_bbp_voice_count":0,"_bbp_anonymous_reply_count":0,"_bbp_topic_count_hidden":0,"_bbp_reply_count_hidden":0,"_bbp_forum_subforum_count":0,"footnotes":""},"categories":[10,11,1,2,4],"tags":[],"class_list":["post-4816","post","type-post","status-publish","format-standard","has-post-thumbnail","hentry","category-1r","category-2n","category-general","category-infantil","category-portada"],"post_mailing_queue_ids":[],"_links":{"self":[{"href":"https:\/\/agora.xtec.cat\/escolagaudisabadell\/wp-json\/wp\/v2\/posts\/4816","targetHints":{"allow":["GET"]}}],"collection":[{"href":"https:\/\/agora.xtec.cat\/escolagaudisabadell\/wp-json\/wp\/v2\/posts"}],"about":[{"href":"https:\/\/agora.xtec.cat\/escolagaudisabadell\/wp-json\/wp\/v2\/types\/post"}],"author":[{"embeddable":true,"href":"https:\/\/agora.xtec.cat\/escolagaudisabadell\/wp-json\/wp\/v2\/users\/3"}],"replies":[{"embeddable":true,"href":"https:\/\/agora.xtec.cat\/escolagaudisabadell\/wp-json\/wp\/v2\/comments?post=4816"}],"version-history":[{"count":3,"href":"https:\/\/agora.xtec.cat\/escolagaudisabadell\/wp-json\/wp\/v2\/posts\/4816\/revisions"}],"predecessor-version":[{"id":4820,"href":"https:\/\/agora.xtec.cat\/escolagaudisabadell\/wp-json\/wp\/v2\/posts\/4816\/revisions\/4820"}],"wp:featuredmedia":[{"embeddable":true,"href":"https:\/\/agora.xtec.cat\/escolagaudisabadell\/wp-json\/wp\/v2\/media\/4817"}],"wp:attachment":[{"href":"https:\/\/agora.xtec.cat\/escolagaudisabadell\/wp-json\/wp\/v2\/media?parent=4816"}],"wp:term":[{"taxonomy":"category","embeddable":true,"href":"https:\/\/agora.xtec.cat\/escolagaudisabadell\/wp-json\/wp\/v2\/categories?post=4816"},{"taxonomy":"post_tag","embeddable":true,"href":"https:\/\/agora.xtec.cat\/escolagaudisabadell\/wp-json\/wp\/v2\/tags?post=4816"}],"curies":[{"name":"wp","href":"https:\/\/api.w.org\/{rel}","templated":true}]}}