{"id":4779,"date":"2022-03-30T15:32:10","date_gmt":"2022-03-30T13:32:10","guid":{"rendered":"https:\/\/agora.xtec.cat\/escolagaudisabadell\/?p=4779"},"modified":"2022-03-30T15:32:10","modified_gmt":"2022-03-30T13:32:10","slug":"manifest-per-la-pau","status":"publish","type":"post","link":"https:\/\/agora.xtec.cat\/escolagaudisabadell\/infantil\/manifest-per-la-pau\/","title":{"rendered":"MANIFEST PER LA PAU"},"content":{"rendered":"<p>El divendres dia 25 de mar\u00e7 vam celebrar un acte a favor de la Pau. Els nens i nenes de 5\u00e8 van preparar un manifest que ens van llegir amb entusiasme. Cliqueu <a href=\"https:\/\/photos.app.goo.gl\/KBTnGA2WcbK3sqhx5\">aqu\u00ed<\/a><\/p>\n<p>Despr\u00e9s ens vam fer una foto fent el s\u00edmbol de la Pau. Cliqueu <a href=\"https:\/\/photos.app.goo.gl\/6RRjiNLpe2mkRLYT9\">aqu\u00ed\u00a0\u00a0<\/a><\/p>\n<p>A m\u00e9s a m\u00e9s l&#8217;alumnat de Cicle Superior ha fet un treball pl\u00e0stic sobre la pau i el no a la guerra. Teniu els treballs penjats al vest\u00edbul de l&#8217;escola.<a href=\"https:\/\/photos.app.goo.gl\/eJtgzpFjz71FcHhj9\"> Aqu\u00ed<\/a> us deixem una petita mostra.<\/p>\n<p><img loading=\"lazy\" decoding=\"async\" class=\"alignnone size-large wp-image-4780 aligncenter\" src=\"https:\/\/agora.xtec.cat\/escolagaudisabadell\/wp-content\/uploads\/usu1563\/2022\/03\/1-1024x498.png\" alt=\"\" width=\"1024\" height=\"498\" srcset=\"https:\/\/agora.xtec.cat\/escolagaudisabadell\/wp-content\/uploads\/usu1563\/2022\/03\/1-1024x498.png 1024w, https:\/\/agora.xtec.cat\/escolagaudisabadell\/wp-content\/uploads\/usu1563\/2022\/03\/1-300x146.png 300w, https:\/\/agora.xtec.cat\/escolagaudisabadell\/wp-content\/uploads\/usu1563\/2022\/03\/1-768x373.png 768w, https:\/\/agora.xtec.cat\/escolagaudisabadell\/wp-content\/uploads\/usu1563\/2022\/03\/1.png 1267w\" sizes=\"auto, (max-width: 1024px) 100vw, 1024px\" \/><\/p>\n","protected":false},"excerpt":{"rendered":"<p>El divendres dia 25 de mar\u00e7 vam celebrar un acte a favor de la Pau. Els nens i nenes de 5\u00e8 van preparar un manifest que ens van llegir amb entusiasme. Cliqueu <a href=\"https:\/\/photos.app.goo.gl\/KBTnGA2WcbK3sqhx5\">aqu\u00ed<\/a><br \/>\nDespr\u00e9s ens vam fer una foto fent el s\u00edmbol de la Pau.&hellip;  <a href=\"https:\/\/agora.xtec.cat\/escolagaudisabadell\/infantil\/manifest-per-la-pau\/\" title=\"Read MANIFEST PER LA PAU\">Llegeix m\u00e9s\u00bb<\/a><\/p>\n","protected":false},"author":1,"featured_media":0,"comment_status":"open","ping_status":"closed","sticky":false,"template":"","format":"standard","meta":{"_bbp_topic_count":0,"_bbp_reply_count":0,"_bbp_total_topic_count":0,"_bbp_total_reply_count":0,"_bbp_voice_count":0,"_bbp_anonymous_reply_count":0,"_bbp_topic_count_hidden":0,"_bbp_reply_count_hidden":0,"_bbp_forum_subforum_count":0,"footnotes":""},"categories":[71,2,4,5],"tags":[],"class_list":["post-4779","post","type-post","status-publish","format-standard","hentry","category-fotosdescola","category-infantil","category-portada","category-primaria"],"post_mailing_queue_ids":[],"_links":{"self":[{"href":"https:\/\/agora.xtec.cat\/escolagaudisabadell\/wp-json\/wp\/v2\/posts\/4779","targetHints":{"allow":["GET"]}}],"collection":[{"href":"https:\/\/agora.xtec.cat\/escolagaudisabadell\/wp-json\/wp\/v2\/posts"}],"about":[{"href":"https:\/\/agora.xtec.cat\/escolagaudisabadell\/wp-json\/wp\/v2\/types\/post"}],"author":[{"embeddable":true,"href":"https:\/\/agora.xtec.cat\/escolagaudisabadell\/wp-json\/wp\/v2\/users\/1"}],"replies":[{"embeddable":true,"href":"https:\/\/agora.xtec.cat\/escolagaudisabadell\/wp-json\/wp\/v2\/comments?post=4779"}],"version-history":[{"count":1,"href":"https:\/\/agora.xtec.cat\/escolagaudisabadell\/wp-json\/wp\/v2\/posts\/4779\/revisions"}],"predecessor-version":[{"id":4781,"href":"https:\/\/agora.xtec.cat\/escolagaudisabadell\/wp-json\/wp\/v2\/posts\/4779\/revisions\/4781"}],"wp:attachment":[{"href":"https:\/\/agora.xtec.cat\/escolagaudisabadell\/wp-json\/wp\/v2\/media?parent=4779"}],"wp:term":[{"taxonomy":"category","embeddable":true,"href":"https:\/\/agora.xtec.cat\/escolagaudisabadell\/wp-json\/wp\/v2\/categories?post=4779"},{"taxonomy":"post_tag","embeddable":true,"href":"https:\/\/agora.xtec.cat\/escolagaudisabadell\/wp-json\/wp\/v2\/tags?post=4779"}],"curies":[{"name":"wp","href":"https:\/\/api.w.org\/{rel}","templated":true}]}}