{"id":4679,"date":"2022-03-04T12:52:15","date_gmt":"2022-03-04T11:52:15","guid":{"rendered":"https:\/\/agora.xtec.cat\/escolagaudisabadell\/?p=4679"},"modified":"2022-03-30T15:36:24","modified_gmt":"2022-03-30T13:36:24","slug":"preinscripcio-matricula-i-oferta-de-places-curs-2022-2023","status":"publish","type":"post","link":"https:\/\/agora.xtec.cat\/escolagaudisabadell\/general\/preinscripcio-matricula-i-oferta-de-places-curs-2022-2023\/","title":{"rendered":"PREINSCRIPCI\u00d3, MATR\u00cdCULA i OFERTA DE PLACES CURS 2022 2023"},"content":{"rendered":"<p style=\"text-align: center;\"><a href=\"https:\/\/agora.xtec.cat\/ceip-enric-casassas\/wp-content\/uploads\/usu432\/2022\/03\/2022-2023-Cartell-rotated.jpg\"><img loading=\"lazy\" decoding=\"async\" class=\"alignnone size-full wp-image-12612 alignleft\" src=\"https:\/\/agora.xtec.cat\/ceip-enric-casassas\/wp-content\/uploads\/usu432\/2022\/03\/2022-2023-Cartell-rotated.jpg\" alt=\"\" width=\"241\" height=\"340\" \/><\/a><\/p>\n<p>\u00a0 \u00a0 \u00a0 \u00a0 \u00a0 \u00a0 \u00a0 \u00a0 \u00a0 <img loading=\"lazy\" decoding=\"async\" class=\"alignnone wp-image-4681\" src=\"https:\/\/agora.xtec.cat\/escolagaudisabadell\/wp-content\/uploads\/usu1563\/2022\/03\/oferta-G-22-23-web.jpg\" alt=\"\" width=\"496\" height=\"342\" srcset=\"https:\/\/agora.xtec.cat\/escolagaudisabadell\/wp-content\/uploads\/usu1563\/2022\/03\/oferta-G-22-23-web.jpg 718w, https:\/\/agora.xtec.cat\/escolagaudisabadell\/wp-content\/uploads\/usu1563\/2022\/03\/oferta-G-22-23-web-300x207.jpg 300w\" sizes=\"auto, (max-width: 496px) 100vw, 496px\" \/><\/p>\n<p><strong>Dates b\u00e0siques de Preinscripci\u00f3 i Matr\u00edcula<\/strong>:<\/p>\n<p>PREINSCRIPCI\u00d3: <strong>del 7 al 21 de mar\u00e7 de 2022<\/strong><\/p>\n<p>MATR\u00cdCULA:\u00a0 \u00a0 \u00a0 \u00a0 \u00a0<strong>del 20 al 29 de juny de 2022<\/strong><\/p>\n<ul>\n<li>Tutorial r\u00e0pid de com emplenar la sol\u00b7licitud:<\/li>\n<\/ul>\n<p><a href=\"https:\/\/preinscripcio.gencat.cat\/ca\/estudis\/infantil-3-6\/preinscriute\/sollicitud\/\" target=\"_blank\" rel=\"noopener\"><img loading=\"lazy\" decoding=\"async\" class=\"alignnone size-full wp-image-4689\" src=\"https:\/\/agora.xtec.cat\/escolagaudisabadell\/wp-content\/uploads\/usu1563\/2022\/03\/Tutorial-de-com-emplenar-la-sollicitud.jpg\" alt=\"\" width=\"413\" height=\"64\" srcset=\"https:\/\/agora.xtec.cat\/escolagaudisabadell\/wp-content\/uploads\/usu1563\/2022\/03\/Tutorial-de-com-emplenar-la-sollicitud.jpg 413w, https:\/\/agora.xtec.cat\/escolagaudisabadell\/wp-content\/uploads\/usu1563\/2022\/03\/Tutorial-de-com-emplenar-la-sollicitud-300x46.jpg 300w\" sizes=\"auto, (max-width: 413px) 100vw, 413px\" \/><\/a><\/p>\n<ul>\n<li style=\"text-align: left;\">Aqu\u00ed teniu informaci\u00f3 de gran utilitat de cara a tramitar SEMPRE online, la sol\u00b7licitud de PREIINSCRICI\u00d3: <strong><a style=\"text-align: center; font-family: inherit; font-size: 1em;\" href=\"https:\/\/agora.xtec.cat\/escolagaudisabadell\/wp-content\/uploads\/usu1563\/2022\/03\/Informacio_Preinscripcio_2223.pdf\" target=\"_blank\" rel=\"noopener\">Informaci\u00f3_Preinscripci\u00f3_2022_2023<\/a><\/strong><\/li>\n<\/ul>\n<p><em><strong>CALENDARI DETALLAT:<\/strong><\/em><\/p>\n<p>1. Preinscripci\u00f3:\u00a0<strong> 7 a 21 de mar\u00e7<\/strong><br \/>\n2. Presentaci\u00f3 documentaci\u00f3: <strong>fins 23 de mar\u00e7<\/strong><br \/>\n3. Publicaci\u00f3 llista puntuaci\u00f3 provisional: <strong>21 d&#8217;abril<\/strong><br \/>\n4. Reclamaci\u00f3 puntuaci\u00f3 provisional: <strong>22 al 28 d&#8217;abril <\/strong>(utilitzant l&#8217;eina electr\u00f2nica per adjuntar les reclamacions)<br \/>\n5. Publicaci\u00f3 llista puntuaci\u00f3 definitiva:\u00a0<strong>3 de maig<br \/>\n<\/strong>6.\u00a0<strong>SORTEIG <\/strong>del n\u00famero de desempat a les 11 hores:\u00a0<strong>9 de maig<br \/>\n<\/strong>7. Publicaci\u00f3 llista ordenada per n\u00famero de desempat:\u00a0<strong>11 de maig<\/strong><br \/>\n8. Per\u00edode d&#8217;ampliaci\u00f3 de perticions per a les sol\u00b7licituds de preinscripci\u00f3 sense assignaci\u00f3):\u00a0<strong>27 de maig a 1 de juny\u00a0<\/strong><br \/>\n9. Publicaci\u00f3 oferta final:<strong> 9 de juny\u00a0<\/strong><br \/>\n10. Publicaci\u00f3 LLISTA ALUMNES ADMESOS i LLISTA D&#8217;ESPERA:\u00a0 <strong>10 de juny\u00a0<\/strong><br \/>\n11. MATR\u00cdCULA:\u00a0<strong>21 a 29 de juny<\/strong><\/p>\n<p>Benvolgudes fam\u00edlies,<\/p>\n<p>Posem al vostre abast el Web de la <a href=\"https:\/\/preinscripcio.gencat.cat\/ca\/inici\/\" target=\"_blank\" rel=\"noopener\" data-saferedirecturl=\"https:\/\/www.google.com\/url?q=https:\/\/preinscripcio.gencat.cat\/ca\/inici\/&amp;source=gmail&amp;ust=1646311397289000&amp;usg=AOvVaw00Voyi9763X0bGdBYbJ-m_\">Preinscripci\u00f3<\/a>, que \u00e9s l&#8217;espai d&#8217;acompanyament per a les fam\u00edlies en el proc\u00e9s de la preinscripci\u00f3 escolar. Enguany, en destaquem especialment l&#8217;actualitzaci\u00f3 dels continguts tenint en compte el Decret 11\/2021, de la programaci\u00f3 de l&#8217;oferta educativa i del procediment d&#8217;admissi\u00f3 en els centres del Servei d&#8217;Educaci\u00f3 de Catalunya, amb el qual s&#8217;han vist modificats alguns dels criteris de puntuaci\u00f3. Aix\u00ed mateix, s&#8217;ha actualitzat tot el material audiovisual de l&#8217;apartat Centre de suport (v\u00eddeos i podcasts), en qu\u00e8 s&#8217;explica amb tot detall tota la informaci\u00f3 relacionada amb el proc\u00e9s.<\/p>\n<p>Butllet\u00ed <a href=\"http:\/\/educacio.gencat.cat\/ca\/departament\/publicacions\/butlletins\/infoescola\/butlleti-29\/index.html\" target=\"_blank\" rel=\"noopener\" data-saferedirecturl=\"https:\/\/www.google.com\/url?q=http:\/\/educacio.gencat.cat\/ca\/departament\/publicacions\/butlletins\/infoescola\/butlleti-29\/index.html&amp;source=gmail&amp;ust=1646311397289000&amp;usg=AOvVaw3ubzzq3CvhdgqlTNgbrTgQ\">Infoescola<\/a>, edici\u00f3 especial de la preinscripci\u00f3 escolar, que inclou les novetats per al curs 2022-2023 i tot all\u00f2 que les fam\u00edlies cal que tinguin en compte: tria de centre, sistema de puntuacions, com emplenar la sol\u00b7licitud, etc. Aix\u00ed mateix, us animem a difondre el butllet\u00ed entre les fam\u00edlies, les quals s&#8217;hi poden subscriure mitjan\u00e7ant aquest <a href=\"http:\/\/butlletins.gencat.cat\/pres_push\/AppJava\/preRegisterAlta.do?butlleti=36555719&amp;nextActiontodo=loginAlta&amp;chlang=ca_ES\" target=\"_blank\" rel=\"noopener\" data-saferedirecturl=\"https:\/\/www.google.com\/url?q=http:\/\/butlletins.gencat.cat\/pres_push\/AppJava\/preRegisterAlta.do?butlleti%3D36555719%26nextActiontodo%3DloginAlta%26chlang%3Dca_ES&amp;source=gmail&amp;ust=1646311397289000&amp;usg=AOvVaw0N9b40L7gnopbRAKxGEmWy\">enlla\u00e7<\/a>.<\/p>\n","protected":false},"excerpt":{"rendered":"<p><a href=\"https:\/\/agora.xtec.cat\/ceip-enric-casassas\/wp-content\/uploads\/usu432\/2022\/03\/2022-2023-Cartell-rotated.jpg\"><\/a><br \/>\n\u00a0 \u00a0 \u00a0 \u00a0 \u00a0 \u00a0 \u00a0 \u00a0 \u00a0<br \/>\nDates b\u00e0siques de Preinscripci\u00f3 i Matr\u00edcula:<br \/>\nPREINSCRIPCI\u00d3: del 7 al 21 de mar\u00e7 de 2022<br \/>\nMATR\u00cdCULA:\u00a0 \u00a0 \u00a0 \u00a0 \u00a0del 20 al 29 de juny de 2022<\/p>\n<ul>\n<li>Tutorial r\u00e0pid de com emplenar la sol\u00b7licitud:<\/li>\n<\/ul>\n<p><a href=\"https:\/\/preinscripcio.gencat.cat\/ca\/estudis\/infantil-3-6\/preinscriute\/sollicitud\/\" target=\"_blank\" rel=\"noopener\"><\/a><\/p>\n<ul>\n<li style=\"text-align:&hellip;  <a href=\"https:\/\/agora.xtec.cat\/escolagaudisabadell\/general\/preinscripcio-matricula-i-oferta-de-places-curs-2022-2023\/\" title=\"Read PREINSCRIPCI\u00d3, MATR\u00cdCULA i OFERTA DE PLACES CURS 2022 2023\">Llegeix m\u00e9s\u00bb<\/a><br \/>\n","protected":false},"author":1,"featured_media":4680,"comment_status":"closed","ping_status":"closed","sticky":false,"template":"","format":"standard","meta":{"_bbp_topic_count":0,"_bbp_reply_count":0,"_bbp_total_topic_count":0,"_bbp_total_reply_count":0,"_bbp_voice_count":0,"_bbp_anonymous_reply_count":0,"_bbp_topic_count_hidden":0,"_bbp_reply_count_hidden":0,"_bbp_forum_subforum_count":0,"footnotes":""},"categories":[1,4],"tags":[],"class_list":["post-4679","post","type-post","status-publish","format-standard","has-post-thumbnail","hentry","category-general","category-portada"],"post_mailing_queue_ids":[],"_links":{"self":[{"href":"https:\/\/agora.xtec.cat\/escolagaudisabadell\/wp-json\/wp\/v2\/posts\/4679","targetHints":{"allow":["GET"]}}],"collection":[{"href":"https:\/\/agora.xtec.cat\/escolagaudisabadell\/wp-json\/wp\/v2\/posts"}],"about":[{"href":"https:\/\/agora.xtec.cat\/escolagaudisabadell\/wp-json\/wp\/v2\/types\/post"}],"author":[{"embeddable":true,"href":"https:\/\/agora.xtec.cat\/escolagaudisabadell\/wp-json\/wp\/v2\/users\/1"}],"replies":[{"embeddable":true,"href":"https:\/\/agora.xtec.cat\/escolagaudisabadell\/wp-json\/wp\/v2\/comments?post=4679"}],"version-history":[{"count":4,"href":"https:\/\/agora.xtec.cat\/escolagaudisabadell\/wp-json\/wp\/v2\/posts\/4679\/revisions"}],"predecessor-version":[{"id":5204,"href":"https:\/\/agora.xtec.cat\/escolagaudisabadell\/wp-json\/wp\/v2\/posts\/4679\/revisions\/5204"}],"wp:featuredmedia":[{"embeddable":true,"href":"https:\/\/agora.xtec.cat\/escolagaudisabadell\/wp-json\/wp\/v2\/media\/4680"}],"wp:attachment":[{"href":"https:\/\/agora.xtec.cat\/escolagaudisabadell\/wp-json\/wp\/v2\/media?parent=4679"}],"wp:term":[{"taxonomy":"category","embeddable":true,"href":"https:\/\/agora.xtec.cat\/escolagaudisabadell\/wp-json\/wp\/v2\/categories?post=4679"},{"taxonomy":"post_tag","embeddable":true,"href":"https:\/\/agora.xtec.cat\/escolagaudisabadell\/wp-json\/wp\/v2\/tags?post=4679"}],"curies":[{"name":"wp","href":"https:\/\/api.w.org\/{rel}","templated":true}]}}