{"id":4612,"date":"2022-02-24T21:04:14","date_gmt":"2022-02-24T20:04:14","guid":{"rendered":"https:\/\/agora.xtec.cat\/escolagaudisabadell\/?p=4612"},"modified":"2022-02-24T21:07:08","modified_gmt":"2022-02-24T20:07:08","slug":"1r-taller-lego-23-02-22","status":"publish","type":"post","link":"https:\/\/agora.xtec.cat\/escolagaudisabadell\/portada\/1r-taller-lego-23-02-22\/","title":{"rendered":"1r Taller Lego 23 02 22"},"content":{"rendered":"<p>El dimecres van venir a fer-nos un taller de construccions mec\u00e0niques amb Lego. Vam haver de treballar en equip per poder fer les nostres m\u00e0quines i vam aprendre que n&#8217;hi ha de diferents tipus: eixos i rodes, engranatges, politges i palanques. Aqu\u00ed ho podeu veure!<\/p>\n<p>&nbsp;<\/p>\n<p class=\"hide-if-no-js\" style=\"text-align: center\"><a id=\"set-post-thumbnail\" class=\"thickbox\" href=\"https:\/\/photos.app.goo.gl\/c8PqVPcsjcPpCn4NA\" aria-describedby=\"set-post-thumbnail-desc\"><img loading=\"lazy\" decoding=\"async\" class=\"attachment-266x266 alignnone\" src=\"https:\/\/agora.xtec.cat\/escolagaudisabadell\/wp-content\/uploads\/usu1563\/2022\/02\/IMG_20220223_094024-300x300.jpg\" alt=\"\" width=\"266\" height=\"266\" \/><\/a><\/p>\n","protected":false},"excerpt":{"rendered":"<p>El dimecres van venir a fer-nos un taller de construccions mec\u00e0niques amb Lego. Vam haver de treballar en equip per poder fer les nostres m\u00e0quines i vam aprendre que n&#8217;hi ha de diferents tipus: eixos i rodes, engranatges, politges i palanques. Aqu\u00ed ho podeu veure!<br \/>\n&nbsp;<br \/>\n<a&hellip;  <a href=\"https:\/\/agora.xtec.cat\/escolagaudisabadell\/portada\/1r-taller-lego-23-02-22\/\" title=\"Read 1r Taller Lego 23 02 22\">Llegeix m\u00e9s\u00bb<\/a><\/p>\n","protected":false},"author":3,"featured_media":4613,"comment_status":"closed","ping_status":"closed","sticky":false,"template":"","format":"standard","meta":{"_bbp_topic_count":0,"_bbp_reply_count":0,"_bbp_total_topic_count":0,"_bbp_total_reply_count":0,"_bbp_voice_count":0,"_bbp_anonymous_reply_count":0,"_bbp_topic_count_hidden":0,"_bbp_reply_count_hidden":0,"_bbp_forum_subforum_count":0,"footnotes":""},"categories":[10,71,4],"tags":[],"class_list":["post-4612","post","type-post","status-publish","format-standard","has-post-thumbnail","hentry","category-1r","category-fotosdescola","category-portada"],"post_mailing_queue_ids":[],"_links":{"self":[{"href":"https:\/\/agora.xtec.cat\/escolagaudisabadell\/wp-json\/wp\/v2\/posts\/4612","targetHints":{"allow":["GET"]}}],"collection":[{"href":"https:\/\/agora.xtec.cat\/escolagaudisabadell\/wp-json\/wp\/v2\/posts"}],"about":[{"href":"https:\/\/agora.xtec.cat\/escolagaudisabadell\/wp-json\/wp\/v2\/types\/post"}],"author":[{"embeddable":true,"href":"https:\/\/agora.xtec.cat\/escolagaudisabadell\/wp-json\/wp\/v2\/users\/3"}],"replies":[{"embeddable":true,"href":"https:\/\/agora.xtec.cat\/escolagaudisabadell\/wp-json\/wp\/v2\/comments?post=4612"}],"version-history":[{"count":1,"href":"https:\/\/agora.xtec.cat\/escolagaudisabadell\/wp-json\/wp\/v2\/posts\/4612\/revisions"}],"predecessor-version":[{"id":4614,"href":"https:\/\/agora.xtec.cat\/escolagaudisabadell\/wp-json\/wp\/v2\/posts\/4612\/revisions\/4614"}],"wp:featuredmedia":[{"embeddable":true,"href":"https:\/\/agora.xtec.cat\/escolagaudisabadell\/wp-json\/wp\/v2\/media\/4613"}],"wp:attachment":[{"href":"https:\/\/agora.xtec.cat\/escolagaudisabadell\/wp-json\/wp\/v2\/media?parent=4612"}],"wp:term":[{"taxonomy":"category","embeddable":true,"href":"https:\/\/agora.xtec.cat\/escolagaudisabadell\/wp-json\/wp\/v2\/categories?post=4612"},{"taxonomy":"post_tag","embeddable":true,"href":"https:\/\/agora.xtec.cat\/escolagaudisabadell\/wp-json\/wp\/v2\/tags?post=4612"}],"curies":[{"name":"wp","href":"https:\/\/api.w.org\/{rel}","templated":true}]}}