{"id":4550,"date":"2022-02-15T11:53:02","date_gmt":"2022-02-15T10:53:02","guid":{"rendered":"https:\/\/agora.xtec.cat\/escolagaudisabadell\/?p=4550"},"modified":"2022-02-15T11:53:55","modified_gmt":"2022-02-15T10:53:55","slug":"5e-gimnastica-esportiva-3-12-21","status":"publish","type":"post","link":"https:\/\/agora.xtec.cat\/escolagaudisabadell\/portada\/5e-gimnastica-esportiva-3-12-21\/","title":{"rendered":"5\u00e8 Gimn\u00e0stica esportiva 3-12-21"},"content":{"rendered":"<p>Bon dia fam\u00edlies!<\/p>\n<p>Al desembre els alumnes de cinqu\u00e8 van anar a fer una activitat de gimn\u00e0stica esportiva amb uns monitors que eren uns especialistes i dels quals els infants van aprendre molt.<\/p>\n<p>A m\u00e9s a m\u00e9s, ho van passar molt b\u00e9 i aquesta fotografia \u00e9s una prova. Si voleu veure&#8217;n m\u00e9s no dubteu a clicar i feu cop d&#8217;ull!<\/p>\n<p><a href=\"https:\/\/photos.app.goo.gl\/vYXKBYLJ9g9uxM9W7\" target=\"_blank\" rel=\"noopener\"><img loading=\"lazy\" decoding=\"async\" class=\"alignnone size-full wp-image-4552\" src=\"https:\/\/agora.xtec.cat\/escolagaudisabadell\/wp-content\/uploads\/usu1563\/2022\/02\/portada-8.jpg\" alt=\"\" width=\"981\" height=\"737\" srcset=\"https:\/\/agora.xtec.cat\/escolagaudisabadell\/wp-content\/uploads\/usu1563\/2022\/02\/portada-8.jpg 981w, https:\/\/agora.xtec.cat\/escolagaudisabadell\/wp-content\/uploads\/usu1563\/2022\/02\/portada-8-300x225.jpg 300w, https:\/\/agora.xtec.cat\/escolagaudisabadell\/wp-content\/uploads\/usu1563\/2022\/02\/portada-8-768x577.jpg 768w, https:\/\/agora.xtec.cat\/escolagaudisabadell\/wp-content\/uploads\/usu1563\/2022\/02\/portada-8-200x150.jpg 200w\" sizes=\"auto, (max-width: 981px) 100vw, 981px\" \/><\/a><\/p>\n<p>&nbsp;<\/p>\n<p>&nbsp;<\/p>\n<p>&nbsp;<\/p>\n","protected":false},"excerpt":{"rendered":"<p>Bon dia fam\u00edlies!<br \/>\nAl desembre els alumnes de cinqu\u00e8 van anar a fer una activitat de gimn\u00e0stica esportiva amb uns monitors que eren uns especialistes i dels quals els infants van aprendre molt.<br \/>\nA m\u00e9s a m\u00e9s, ho van passar molt b\u00e9 i aquesta fotografia \u00e9s una&hellip;  <a href=\"https:\/\/agora.xtec.cat\/escolagaudisabadell\/portada\/5e-gimnastica-esportiva-3-12-21\/\" title=\"Read 5\u00e8 Gimn\u00e0stica esportiva 3-12-21\">Llegeix m\u00e9s\u00bb<\/a><\/p>\n","protected":false},"author":1,"featured_media":0,"comment_status":"closed","ping_status":"closed","sticky":false,"template":"","format":"standard","meta":{"_bbp_topic_count":0,"_bbp_reply_count":0,"_bbp_total_topic_count":0,"_bbp_total_reply_count":0,"_bbp_voice_count":0,"_bbp_anonymous_reply_count":0,"_bbp_topic_count_hidden":0,"_bbp_reply_count_hidden":0,"_bbp_forum_subforum_count":0,"footnotes":""},"categories":[14,71,4],"tags":[],"class_list":["post-4550","post","type-post","status-publish","format-standard","hentry","category-5e","category-fotosdescola","category-portada"],"post_mailing_queue_ids":[],"_links":{"self":[{"href":"https:\/\/agora.xtec.cat\/escolagaudisabadell\/wp-json\/wp\/v2\/posts\/4550","targetHints":{"allow":["GET"]}}],"collection":[{"href":"https:\/\/agora.xtec.cat\/escolagaudisabadell\/wp-json\/wp\/v2\/posts"}],"about":[{"href":"https:\/\/agora.xtec.cat\/escolagaudisabadell\/wp-json\/wp\/v2\/types\/post"}],"author":[{"embeddable":true,"href":"https:\/\/agora.xtec.cat\/escolagaudisabadell\/wp-json\/wp\/v2\/users\/1"}],"replies":[{"embeddable":true,"href":"https:\/\/agora.xtec.cat\/escolagaudisabadell\/wp-json\/wp\/v2\/comments?post=4550"}],"version-history":[{"count":2,"href":"https:\/\/agora.xtec.cat\/escolagaudisabadell\/wp-json\/wp\/v2\/posts\/4550\/revisions"}],"predecessor-version":[{"id":4554,"href":"https:\/\/agora.xtec.cat\/escolagaudisabadell\/wp-json\/wp\/v2\/posts\/4550\/revisions\/4554"}],"wp:attachment":[{"href":"https:\/\/agora.xtec.cat\/escolagaudisabadell\/wp-json\/wp\/v2\/media?parent=4550"}],"wp:term":[{"taxonomy":"category","embeddable":true,"href":"https:\/\/agora.xtec.cat\/escolagaudisabadell\/wp-json\/wp\/v2\/categories?post=4550"},{"taxonomy":"post_tag","embeddable":true,"href":"https:\/\/agora.xtec.cat\/escolagaudisabadell\/wp-json\/wp\/v2\/tags?post=4550"}],"curies":[{"name":"wp","href":"https:\/\/api.w.org\/{rel}","templated":true}]}}