{"id":4531,"date":"2022-02-11T15:15:04","date_gmt":"2022-02-11T14:15:04","guid":{"rendered":"https:\/\/agora.xtec.cat\/escolagaudisabadell\/?p=4531"},"modified":"2022-03-30T15:37:05","modified_gmt":"2022-03-30T13:37:05","slug":"portes-obertes-2022-2023","status":"publish","type":"post","link":"https:\/\/agora.xtec.cat\/escolagaudisabadell\/general\/portes-obertes-2022-2023\/","title":{"rendered":"PORTES OBERTES 2022-2023"},"content":{"rendered":"<p>Benvolgudes fam\u00edlies,<\/p>\n<p>Els proper 01\/03\/2022 dimarts i 04\/03\/2022 divendres, obrirem les portes de l&#8217;escola, per aquelles fam\u00edlies noves de P3 i altres cursos,\u00a0 que vulguin con\u00e8ixer el nostre centre. L&#8217;horari de les dues visites ser\u00e0 de 16:45 a 18:00 hores aproximadament.<\/p>\n<p><img loading=\"lazy\" decoding=\"async\" class=\"alignnone size-full wp-image-4532 aligncenter\" src=\"https:\/\/agora.xtec.cat\/escolagaudisabadell\/wp-content\/uploads\/usu1563\/2022\/02\/PANCARTA-petita.png\" alt=\"\" width=\"453\" height=\"247\" srcset=\"https:\/\/agora.xtec.cat\/escolagaudisabadell\/wp-content\/uploads\/usu1563\/2022\/02\/PANCARTA-petita.png 453w, https:\/\/agora.xtec.cat\/escolagaudisabadell\/wp-content\/uploads\/usu1563\/2022\/02\/PANCARTA-petita-300x164.png 300w\" sizes=\"auto, (max-width: 453px) 100vw, 453px\" \/><\/p>\n<p style=\"text-align: left;\">Heu de trucar als tel\u00e8fons de l&#8217;escola per demanar cita.<\/p>\n<p>Aqu\u00ed teniu unes pr\u00e8vies que us donaran informaci\u00f3 sobre la nostra escola:<\/p>\n<p><a href=\"https:\/\/prezi.com\/view\/cY1mYvV5C8lYwmd0ZaPb\/\" target=\"_blank\" rel=\"noopener\"><img loading=\"lazy\" decoding=\"async\" class=\"size-full wp-image-4536 aligncenter\" src=\"https:\/\/agora.xtec.cat\/escolagaudisabadell\/wp-content\/uploads\/usu1563\/2022\/02\/prezifotoportada-1.jpg\" alt=\"\" width=\"354\" height=\"230\" srcset=\"https:\/\/agora.xtec.cat\/escolagaudisabadell\/wp-content\/uploads\/usu1563\/2022\/02\/prezifotoportada-1.jpg 354w, https:\/\/agora.xtec.cat\/escolagaudisabadell\/wp-content\/uploads\/usu1563\/2022\/02\/prezifotoportada-1-300x195.jpg 300w\" sizes=\"auto, (max-width: 354px) 100vw, 354px\" \/><\/a><\/p>\n<p>Tamb\u00e9 podeu consultar aquest d\u00edptic amb m\u00e9s dades: <a href=\"https:\/\/agora.xtec.cat\/escolagaudisabadell\/wp-content\/uploads\/usu1563\/2022\/02\/Diptic-families.pdf\">Diptic fam\u00edlies<\/a><\/p>\n<p style=\"text-align: center;\"><a href=\"https:\/\/drive.google.com\/file\/d\/1FbUq_QEmjlWc7gzQzfz8GSG-ont6KtfS\/view?usp=sharing\" target=\"_blank\" rel=\"noopener\"><img loading=\"lazy\" decoding=\"async\" class=\"alignnone wp-image-4545\" src=\"https:\/\/agora.xtec.cat\/escolagaudisabadell\/wp-content\/uploads\/usu1563\/2022\/02\/imagen_2022-02-11_152403.png\" alt=\"\" width=\"207\" height=\"146\" srcset=\"https:\/\/agora.xtec.cat\/escolagaudisabadell\/wp-content\/uploads\/usu1563\/2022\/02\/imagen_2022-02-11_152403.png 372w, https:\/\/agora.xtec.cat\/escolagaudisabadell\/wp-content\/uploads\/usu1563\/2022\/02\/imagen_2022-02-11_152403-300x211.png 300w\" sizes=\"auto, (max-width: 207px) 100vw, 207px\" \/><\/a><\/p>\n<p>&nbsp;<\/p>\n<p style=\"text-align: center;\"><img loading=\"lazy\" decoding=\"async\" class=\"alignnone size-large wp-image-4542\" src=\"https:\/\/agora.xtec.cat\/escolagaudisabadell\/wp-content\/uploads\/usu1563\/2022\/02\/PREGUNTES-FREQUENTS-22-23-361x1024.png\" alt=\"\" width=\"361\" height=\"1024\" srcset=\"https:\/\/agora.xtec.cat\/escolagaudisabadell\/wp-content\/uploads\/usu1563\/2022\/02\/PREGUNTES-FREQUENTS-22-23-361x1024.png 361w, https:\/\/agora.xtec.cat\/escolagaudisabadell\/wp-content\/uploads\/usu1563\/2022\/02\/PREGUNTES-FREQUENTS-22-23-106x300.png 106w, https:\/\/agora.xtec.cat\/escolagaudisabadell\/wp-content\/uploads\/usu1563\/2022\/02\/PREGUNTES-FREQUENTS-22-23-542x1536.png 542w, https:\/\/agora.xtec.cat\/escolagaudisabadell\/wp-content\/uploads\/usu1563\/2022\/02\/PREGUNTES-FREQUENTS-22-23.png 702w\" sizes=\"auto, (max-width: 361px) 100vw, 361px\" \/><\/p>\n<p>&nbsp;<\/p>\n<h1 style=\"text-align: center;\">Us hi esperem!<\/h1>\n<p>&nbsp;<\/p>\n<p>&nbsp;<\/p>\n","protected":false},"excerpt":{"rendered":"<p>Benvolgudes fam\u00edlies,<br \/>\nEls proper 01\/03\/2022 dimarts i 04\/03\/2022 divendres, obrirem les portes de l&#8217;escola, per aquelles fam\u00edlies noves de P3 i altres cursos,\u00a0 que vulguin con\u00e8ixer el nostre centre. L&#8217;horari de les dues visites ser\u00e0 de 16:45 a 18:00 hores aproximadament.<\/p>\n<p>Heu de trucar als tel\u00e8fons de&hellip;  <a href=\"https:\/\/agora.xtec.cat\/escolagaudisabadell\/general\/portes-obertes-2022-2023\/\" title=\"Read PORTES OBERTES 2022-2023\">Llegeix m\u00e9s\u00bb<\/a><\/p>\n","protected":false},"author":1,"featured_media":4532,"comment_status":"closed","ping_status":"closed","sticky":false,"template":"","format":"standard","meta":{"_bbp_topic_count":0,"_bbp_reply_count":0,"_bbp_total_topic_count":0,"_bbp_total_reply_count":0,"_bbp_voice_count":0,"_bbp_anonymous_reply_count":0,"_bbp_topic_count_hidden":0,"_bbp_reply_count_hidden":0,"_bbp_forum_subforum_count":0,"footnotes":""},"categories":[1,4],"tags":[],"class_list":["post-4531","post","type-post","status-publish","format-standard","has-post-thumbnail","hentry","category-general","category-portada"],"post_mailing_queue_ids":[],"_links":{"self":[{"href":"https:\/\/agora.xtec.cat\/escolagaudisabadell\/wp-json\/wp\/v2\/posts\/4531","targetHints":{"allow":["GET"]}}],"collection":[{"href":"https:\/\/agora.xtec.cat\/escolagaudisabadell\/wp-json\/wp\/v2\/posts"}],"about":[{"href":"https:\/\/agora.xtec.cat\/escolagaudisabadell\/wp-json\/wp\/v2\/types\/post"}],"author":[{"embeddable":true,"href":"https:\/\/agora.xtec.cat\/escolagaudisabadell\/wp-json\/wp\/v2\/users\/1"}],"replies":[{"embeddable":true,"href":"https:\/\/agora.xtec.cat\/escolagaudisabadell\/wp-json\/wp\/v2\/comments?post=4531"}],"version-history":[{"count":2,"href":"https:\/\/agora.xtec.cat\/escolagaudisabadell\/wp-json\/wp\/v2\/posts\/4531\/revisions"}],"predecessor-version":[{"id":4549,"href":"https:\/\/agora.xtec.cat\/escolagaudisabadell\/wp-json\/wp\/v2\/posts\/4531\/revisions\/4549"}],"wp:featuredmedia":[{"embeddable":true,"href":"https:\/\/agora.xtec.cat\/escolagaudisabadell\/wp-json\/wp\/v2\/media\/4532"}],"wp:attachment":[{"href":"https:\/\/agora.xtec.cat\/escolagaudisabadell\/wp-json\/wp\/v2\/media?parent=4531"}],"wp:term":[{"taxonomy":"category","embeddable":true,"href":"https:\/\/agora.xtec.cat\/escolagaudisabadell\/wp-json\/wp\/v2\/categories?post=4531"},{"taxonomy":"post_tag","embeddable":true,"href":"https:\/\/agora.xtec.cat\/escolagaudisabadell\/wp-json\/wp\/v2\/tags?post=4531"}],"curies":[{"name":"wp","href":"https:\/\/api.w.org\/{rel}","templated":true}]}}