{"id":4489,"date":"2022-02-05T21:22:26","date_gmt":"2022-02-05T20:22:26","guid":{"rendered":"https:\/\/agora.xtec.cat\/escolagaudisabadell\/?p=4489"},"modified":"2022-02-05T21:30:57","modified_gmt":"2022-02-05T20:30:57","slug":"1r-canviem-de-piscina-03-02-22","status":"publish","type":"post","link":"https:\/\/agora.xtec.cat\/escolagaudisabadell\/general\/1r-canviem-de-piscina-03-02-22\/","title":{"rendered":"1r Canviem de piscina! 03 02 22"},"content":{"rendered":"<p>Totes les nenes i tots els nens de 1r estem esfor\u00e7ant-nos molt per aprendre a nedar i fer-ho cada dia millor. \u00c9s per aix\u00f2 que els nostres monitors ens han canviat de piscina a tots i totes. Un dels grups ha comen\u00e7at a nedar a la piscina de 50 metres. Quina emoci\u00f3! Felicitats a tothom!<\/p>\n<p>&nbsp;<\/p>\n<p>&nbsp;<\/p>\n<p class=\"hide-if-no-js\" style=\"text-align: center\"><a id=\"set-post-thumbnail\" class=\"thickbox\" href=\"https:\/\/photos.app.goo.gl\/89Mm2phY749Wozyw6\" aria-describedby=\"set-post-thumbnail-desc\"><img loading=\"lazy\" decoding=\"async\" class=\"attachment-266x266 alignnone\" src=\"https:\/\/agora.xtec.cat\/escolagaudisabadell\/wp-content\/uploads\/usu1563\/2022\/02\/IMG_20220203_115659-scaled.jpg\" alt=\"\" width=\"242\" height=\"266\" \/><\/a><\/p>\n","protected":false},"excerpt":{"rendered":"<p>Totes les nenes i tots els nens de 1r estem esfor\u00e7ant-nos molt per aprendre a nedar i fer-ho cada dia millor. \u00c9s per aix\u00f2 que els nostres monitors ens han canviat de piscina a tots i totes. Un dels grups ha comen\u00e7at a nedar a&hellip;  <a href=\"https:\/\/agora.xtec.cat\/escolagaudisabadell\/general\/1r-canviem-de-piscina-03-02-22\/\" title=\"Read 1r Canviem de piscina! 03 02 22\">Llegeix m\u00e9s\u00bb<\/a><\/p>\n","protected":false},"author":3,"featured_media":4490,"comment_status":"closed","ping_status":"closed","sticky":false,"template":"","format":"standard","meta":{"_bbp_topic_count":0,"_bbp_reply_count":0,"_bbp_total_topic_count":0,"_bbp_total_reply_count":0,"_bbp_voice_count":0,"_bbp_anonymous_reply_count":0,"_bbp_topic_count_hidden":0,"_bbp_reply_count_hidden":0,"_bbp_forum_subforum_count":0,"footnotes":""},"categories":[10,71,1,4],"tags":[],"class_list":["post-4489","post","type-post","status-publish","format-standard","has-post-thumbnail","hentry","category-1r","category-fotosdescola","category-general","category-portada"],"post_mailing_queue_ids":[],"_links":{"self":[{"href":"https:\/\/agora.xtec.cat\/escolagaudisabadell\/wp-json\/wp\/v2\/posts\/4489","targetHints":{"allow":["GET"]}}],"collection":[{"href":"https:\/\/agora.xtec.cat\/escolagaudisabadell\/wp-json\/wp\/v2\/posts"}],"about":[{"href":"https:\/\/agora.xtec.cat\/escolagaudisabadell\/wp-json\/wp\/v2\/types\/post"}],"author":[{"embeddable":true,"href":"https:\/\/agora.xtec.cat\/escolagaudisabadell\/wp-json\/wp\/v2\/users\/3"}],"replies":[{"embeddable":true,"href":"https:\/\/agora.xtec.cat\/escolagaudisabadell\/wp-json\/wp\/v2\/comments?post=4489"}],"version-history":[{"count":1,"href":"https:\/\/agora.xtec.cat\/escolagaudisabadell\/wp-json\/wp\/v2\/posts\/4489\/revisions"}],"predecessor-version":[{"id":4491,"href":"https:\/\/agora.xtec.cat\/escolagaudisabadell\/wp-json\/wp\/v2\/posts\/4489\/revisions\/4491"}],"wp:featuredmedia":[{"embeddable":true,"href":"https:\/\/agora.xtec.cat\/escolagaudisabadell\/wp-json\/wp\/v2\/media\/4490"}],"wp:attachment":[{"href":"https:\/\/agora.xtec.cat\/escolagaudisabadell\/wp-json\/wp\/v2\/media?parent=4489"}],"wp:term":[{"taxonomy":"category","embeddable":true,"href":"https:\/\/agora.xtec.cat\/escolagaudisabadell\/wp-json\/wp\/v2\/categories?post=4489"},{"taxonomy":"post_tag","embeddable":true,"href":"https:\/\/agora.xtec.cat\/escolagaudisabadell\/wp-json\/wp\/v2\/tags?post=4489"}],"curies":[{"name":"wp","href":"https:\/\/api.w.org\/{rel}","templated":true}]}}