{"id":4162,"date":"2021-12-08T18:50:28","date_gmt":"2021-12-08T17:50:28","guid":{"rendered":"https:\/\/agora.xtec.cat\/escolagaudisabadell\/?p=4162"},"modified":"2021-12-08T18:50:28","modified_gmt":"2021-12-08T17:50:28","slug":"representem-graficament-el-conte-un-joc-de-herve-tullet","status":"publish","type":"post","link":"https:\/\/agora.xtec.cat\/escolagaudisabadell\/infantil\/p5\/representem-graficament-el-conte-un-joc-de-herve-tullet\/","title":{"rendered":"Representem gr\u00e0ficament el conte &#8220;UN JOC&#8221; de Herv\u00e9 Tullet"},"content":{"rendered":"<p><em>Herv\u00e9 Tullet<\/em> \u00e9s un artista, int\u00e8rpret, il\u00b7lustrador i autor de literatura infantil franc\u00e8s que ha escrit m\u00e9s de 80 llibres. Amb els seus llibres intenta endinsar-nos en el m\u00f3n de l\u2019art i de la m\u00fasica, fent que interactuem i descobrim que totes les persones sabem dibuixar.<\/p>\n<p>Els\/les alumnes\/as de P5 escoltem i observem a l\u2019aula un dels seus contes titulat: \u201c<strong>UN JOC<\/strong>\u201d i decidim que seria bona idea fer servir el grafisme creatiu per representar-lo. Creant dibuixos colorits inspirant-nos en els seus gestos, les seves idees i la seva imaginaci\u00f3. Aquesta representaci\u00f3 la realitzem per parelles o individualment, i aix\u00ed tamb\u00e9 fomentem el respecte pels altres, l\u2019escolta i la cooperaci\u00f3.<\/p>\n<p>El proc\u00e9s i els resultats els podeu observar clicant a la foto seg\u00fcent:<\/p>\n<p style=\"text-align: center\"><a href=\"https:\/\/photos.app.goo.gl\/wgUbMAuyRoTXKTPYA\" target=\"_blank\" rel=\"noopener\"><img loading=\"lazy\" decoding=\"async\" class=\"alignnone size-large wp-image-4163\" src=\"https:\/\/agora.xtec.cat\/escolagaudisabadell\/wp-content\/uploads\/usu1563\/2021\/12\/portada-5-1024x643.jpg\" alt=\"\" width=\"1024\" height=\"643\" srcset=\"https:\/\/agora.xtec.cat\/escolagaudisabadell\/wp-content\/uploads\/usu1563\/2021\/12\/portada-5-1024x643.jpg 1024w, https:\/\/agora.xtec.cat\/escolagaudisabadell\/wp-content\/uploads\/usu1563\/2021\/12\/portada-5-300x188.jpg 300w, https:\/\/agora.xtec.cat\/escolagaudisabadell\/wp-content\/uploads\/usu1563\/2021\/12\/portada-5-768x482.jpg 768w, https:\/\/agora.xtec.cat\/escolagaudisabadell\/wp-content\/uploads\/usu1563\/2021\/12\/portada-5.jpg 1061w\" sizes=\"auto, (max-width: 1024px) 100vw, 1024px\" \/><\/a><\/p>\n","protected":false},"excerpt":{"rendered":"<p>Herv\u00e9 Tullet \u00e9s un artista, int\u00e8rpret, il\u00b7lustrador i autor de literatura infantil franc\u00e8s que ha escrit m\u00e9s de 80 llibres. Amb els seus llibres intenta endinsar-nos en el m\u00f3n de l\u2019art i de la m\u00fasica, fent que interactuem i descobrim que totes les persones sabem&hellip;  <a href=\"https:\/\/agora.xtec.cat\/escolagaudisabadell\/infantil\/p5\/representem-graficament-el-conte-un-joc-de-herve-tullet\/\" title=\"Read Representem gr\u00e0ficament el conte &#8220;UN JOC&#8221; de Herv\u00e9 Tullet\">Llegeix m\u00e9s\u00bb<\/a><\/p>\n","protected":false},"author":1,"featured_media":0,"comment_status":"closed","ping_status":"closed","sticky":false,"template":"","format":"standard","meta":{"_bbp_topic_count":0,"_bbp_reply_count":0,"_bbp_total_topic_count":0,"_bbp_total_reply_count":0,"_bbp_voice_count":0,"_bbp_anonymous_reply_count":0,"_bbp_topic_count_hidden":0,"_bbp_reply_count_hidden":0,"_bbp_forum_subforum_count":0,"footnotes":""},"categories":[9],"tags":[],"class_list":["post-4162","post","type-post","status-publish","format-standard","hentry","category-p5"],"post_mailing_queue_ids":[],"_links":{"self":[{"href":"https:\/\/agora.xtec.cat\/escolagaudisabadell\/wp-json\/wp\/v2\/posts\/4162","targetHints":{"allow":["GET"]}}],"collection":[{"href":"https:\/\/agora.xtec.cat\/escolagaudisabadell\/wp-json\/wp\/v2\/posts"}],"about":[{"href":"https:\/\/agora.xtec.cat\/escolagaudisabadell\/wp-json\/wp\/v2\/types\/post"}],"author":[{"embeddable":true,"href":"https:\/\/agora.xtec.cat\/escolagaudisabadell\/wp-json\/wp\/v2\/users\/1"}],"replies":[{"embeddable":true,"href":"https:\/\/agora.xtec.cat\/escolagaudisabadell\/wp-json\/wp\/v2\/comments?post=4162"}],"version-history":[{"count":3,"href":"https:\/\/agora.xtec.cat\/escolagaudisabadell\/wp-json\/wp\/v2\/posts\/4162\/revisions"}],"predecessor-version":[{"id":4168,"href":"https:\/\/agora.xtec.cat\/escolagaudisabadell\/wp-json\/wp\/v2\/posts\/4162\/revisions\/4168"}],"wp:attachment":[{"href":"https:\/\/agora.xtec.cat\/escolagaudisabadell\/wp-json\/wp\/v2\/media?parent=4162"}],"wp:term":[{"taxonomy":"category","embeddable":true,"href":"https:\/\/agora.xtec.cat\/escolagaudisabadell\/wp-json\/wp\/v2\/categories?post=4162"},{"taxonomy":"post_tag","embeddable":true,"href":"https:\/\/agora.xtec.cat\/escolagaudisabadell\/wp-json\/wp\/v2\/tags?post=4162"}],"curies":[{"name":"wp","href":"https:\/\/api.w.org\/{rel}","templated":true}]}}