{"id":4157,"date":"2021-12-08T18:26:51","date_gmt":"2021-12-08T17:26:51","guid":{"rendered":"https:\/\/agora.xtec.cat\/escolagaudisabadell\/?p=4157"},"modified":"2021-12-08T18:26:51","modified_gmt":"2021-12-08T17:26:51","slug":"practiquem-el-trac-de-la-linia-corba","status":"publish","type":"post","link":"https:\/\/agora.xtec.cat\/escolagaudisabadell\/infantil\/p5\/practiquem-el-trac-de-la-linia-corba\/","title":{"rendered":"PRACTIQUEM EL TRA\u00c7 DE LA L\u00cdNIA CORBA"},"content":{"rendered":"<p>Els infants de P5 practiquem el tra\u00e7 de la &#8220;<em><strong>l\u00ednia corba&#8221;<\/strong><\/em> amb pintura de colors de la tardor: groc, verd, vermell, marr\u00f3&#8230;<\/p>\n<p>Per\u00f2 abans realitzem els tra\u00e7os a trav\u00e9s del cos i diversos materials. El que volem aconseguir \u00e9s treballar la grafomotricitat dels infants de manera m\u00e9s creativa, fent que aquests\/es estiguin molt m\u00e9s motivats, potenciant la seva creativitat i tamb\u00e9 l&#8217;autonomia.<\/p>\n<p style=\"text-align: center\"><a href=\"https:\/\/photos.app.goo.gl\/iPFu7VKnawiMsbJT8\" target=\"_blank\" rel=\"noopener\"><img loading=\"lazy\" decoding=\"async\" class=\"alignnone size-large wp-image-4158\" src=\"https:\/\/agora.xtec.cat\/escolagaudisabadell\/wp-content\/uploads\/usu1563\/2021\/12\/portada-4-768x1024.jpg\" alt=\"\" width=\"768\" height=\"1024\" srcset=\"https:\/\/agora.xtec.cat\/escolagaudisabadell\/wp-content\/uploads\/usu1563\/2021\/12\/portada-4-768x1024.jpg 768w, https:\/\/agora.xtec.cat\/escolagaudisabadell\/wp-content\/uploads\/usu1563\/2021\/12\/portada-4-225x300.jpg 225w, https:\/\/agora.xtec.cat\/escolagaudisabadell\/wp-content\/uploads\/usu1563\/2021\/12\/portada-4.jpg 867w\" sizes=\"auto, (max-width: 768px) 100vw, 768px\" \/><\/a><\/p>\n<p>&nbsp;<\/p>\n","protected":false},"excerpt":{"rendered":"<p>Els infants de P5 practiquem el tra\u00e7 de la &#8220;l\u00ednia corba&#8221; amb pintura de colors de la tardor: groc, verd, vermell, marr\u00f3&#8230;<br \/>\nPer\u00f2 abans realitzem els tra\u00e7os a trav\u00e9s del cos i diversos materials. El que volem aconseguir \u00e9s treballar la grafomotricitat dels infants de manera&hellip;  <a href=\"https:\/\/agora.xtec.cat\/escolagaudisabadell\/infantil\/p5\/practiquem-el-trac-de-la-linia-corba\/\" title=\"Read PRACTIQUEM EL TRA\u00c7 DE LA L\u00cdNIA CORBA\">Llegeix m\u00e9s\u00bb<\/a><\/p>\n","protected":false},"author":1,"featured_media":0,"comment_status":"closed","ping_status":"closed","sticky":false,"template":"","format":"standard","meta":{"_bbp_topic_count":0,"_bbp_reply_count":0,"_bbp_total_topic_count":0,"_bbp_total_reply_count":0,"_bbp_voice_count":0,"_bbp_anonymous_reply_count":0,"_bbp_topic_count_hidden":0,"_bbp_reply_count_hidden":0,"_bbp_forum_subforum_count":0,"footnotes":""},"categories":[9],"tags":[],"class_list":["post-4157","post","type-post","status-publish","format-standard","hentry","category-p5"],"post_mailing_queue_ids":[],"_links":{"self":[{"href":"https:\/\/agora.xtec.cat\/escolagaudisabadell\/wp-json\/wp\/v2\/posts\/4157","targetHints":{"allow":["GET"]}}],"collection":[{"href":"https:\/\/agora.xtec.cat\/escolagaudisabadell\/wp-json\/wp\/v2\/posts"}],"about":[{"href":"https:\/\/agora.xtec.cat\/escolagaudisabadell\/wp-json\/wp\/v2\/types\/post"}],"author":[{"embeddable":true,"href":"https:\/\/agora.xtec.cat\/escolagaudisabadell\/wp-json\/wp\/v2\/users\/1"}],"replies":[{"embeddable":true,"href":"https:\/\/agora.xtec.cat\/escolagaudisabadell\/wp-json\/wp\/v2\/comments?post=4157"}],"version-history":[{"count":3,"href":"https:\/\/agora.xtec.cat\/escolagaudisabadell\/wp-json\/wp\/v2\/posts\/4157\/revisions"}],"predecessor-version":[{"id":4161,"href":"https:\/\/agora.xtec.cat\/escolagaudisabadell\/wp-json\/wp\/v2\/posts\/4157\/revisions\/4161"}],"wp:attachment":[{"href":"https:\/\/agora.xtec.cat\/escolagaudisabadell\/wp-json\/wp\/v2\/media?parent=4157"}],"wp:term":[{"taxonomy":"category","embeddable":true,"href":"https:\/\/agora.xtec.cat\/escolagaudisabadell\/wp-json\/wp\/v2\/categories?post=4157"},{"taxonomy":"post_tag","embeddable":true,"href":"https:\/\/agora.xtec.cat\/escolagaudisabadell\/wp-json\/wp\/v2\/tags?post=4157"}],"curies":[{"name":"wp","href":"https:\/\/api.w.org\/{rel}","templated":true}]}}